{"id":30511,"date":"2021-09-12T09:57:02","date_gmt":"2021-09-12T09:57:02","guid":{"rendered":"http:\/\/scandinavia.life\/hires-vikingek\/"},"modified":"2024-03-10T18:53:14","modified_gmt":"2024-03-10T18:53:14","slug":"hires-vikingek","status":"publish","type":"post","link":"https:\/\/scandinavia.life\/hu\/hires-vikingek\/","title":{"rendered":"H\u00edres vikingek"},"content":{"rendered":"\n<p class=\"wp-block-paragraph\">A h\u00edres vikingek fontos helyet foglalnak el Skandin\u00e1via t\u00f6rt\u00e9nelm\u00e9ben, amelyet senki sem hagyhat figyelmen k\u00edv\u00fcl. Nem sz\u00e1m\u00edt, hogy ki mit gondol vagy \u00e9rez arr\u00f3l, amit tett. Igen, porty\u00e1kat hajtottak v\u00e9gre, h\u00f3d\u00edtottak \u00e9s gyakran puszt\u00edt\u00e1st v\u00e9geztek. Mindazon\u00e1ltal, Skandin\u00e1via, ahogyan ma van, ezekre a tev\u00e9kenys\u00e9gekre vezethet\u0151 vissza, amelyek hazahozt\u00e1k \u00e9s foglyokat hoztak haza.<\/p>\n\n<p class=\"wp-block-paragraph\">Senki sem pr\u00f3b\u00e1lhatja meg Skandin\u00e1via teljes t\u00f6rt\u00e9net\u00e9t elmes\u00e9lni an\u00e9lk\u00fcl, hogy megeml\u00edten\u00e9 a vikingek szerep\u00e9t annak alak\u00edt\u00e1s\u00e1ban. Igaz, hogy a vikingek t\u00f6rt\u00e9nete vegyes \u00e9rzelmeket kelt, mint a viking korszak. Egyesek tal\u00e1n csak halkan szeretn\u00e9nek besz\u00e9lni a vikingekr\u0151l, m\u00e1sok viszont feler\u0151s\u00edtik, hogy a r\u00e9gi\u00f3 t\u00f6rt\u00e9nelm\u00e9nek fontos r\u00e9sz\u00e9t k\u00e9pezik. A vikingek m\u0171veletei, amelyek t\u00f6bbek k\u00f6z\u00f6tt kereskedelmet, porty\u00e1z\u00e1st \u00e9s brut\u00e1lis m\u0171veleteket tartalmaztak, val\u00f3ban alak\u00edtott\u00e1k Skandin\u00e1via t\u00e1rsadalmi \u00e9s politikai \u00e9let\u00e9t.<\/p>\n\n<figure class=\"wp-block-gallery columns-1 is-cropped wp-block-gallery-1 is-layout-flex wp-block-gallery-is-layout-flex\"><ul class=\"blocks-gallery-grid\"><li class=\"blocks-gallery-item\"><figure><img loading=\"lazy\" decoding=\"async\" width=\"1024\" height=\"1024\" src=\"https:\/\/scandinavia.life\/wp-content\/uploads\/2021\/09\/viking-1-1024x1024.png\" alt=\"\" data-id=\"5777\" data-full-url=\"http:\/\/scandinavia.life\/wp-content\/uploads\/2021\/09\/viking-1.png\" data-link=\"http:\/\/scandinavia.life\/?attachment_id=5777#main\" class=\"wp-image-5777\" srcset=\"https:\/\/scandinavia.life\/wp-content\/uploads\/2021\/09\/viking-1-1024x1024.png 1024w, https:\/\/scandinavia.life\/wp-content\/uploads\/2021\/09\/viking-1-300x300.png 300w, https:\/\/scandinavia.life\/wp-content\/uploads\/2021\/09\/viking-1-150x150.png 150w, https:\/\/scandinavia.life\/wp-content\/uploads\/2021\/09\/viking-1-768x768.png 768w, https:\/\/scandinavia.life\/wp-content\/uploads\/2021\/09\/viking-1-1536x1536.png 1536w, https:\/\/scandinavia.life\/wp-content\/uploads\/2021\/09\/viking-1-24x24.png 24w, https:\/\/scandinavia.life\/wp-content\/uploads\/2021\/09\/viking-1-48x48.png 48w, https:\/\/scandinavia.life\/wp-content\/uploads\/2021\/09\/viking-1-96x96.png 96w, https:\/\/scandinavia.life\/wp-content\/uploads\/2021\/09\/viking-1.png 1920w\" sizes=\"auto, (max-width: 1024px) 100vw, 1024px\" \/><\/figure><\/li><\/ul><figcaption class=\"blocks-gallery-caption\">Egy viking teljes felszerel\u00e9sben k\u00e9szen \u00e1ll a bevet\u00e9sre  <\/figcaption><\/figure>\n\n<h2 class=\"wp-block-heading\">A viking t\u00f6rt\u00e9nelem<\/h2>\n\n<p class=\"wp-block-paragraph\">A vikingek gazdag t\u00f6rt\u00e9nelme Sv\u00e9dorsz\u00e1gban, Norv\u00e9gi\u00e1ban \u00e9s D\u00e1ni\u00e1ban tal\u00e1lhat\u00f3. A vikingek val\u00f3j\u00e1ban ezekben az orsz\u00e1gokban telepedtek le. Rajta\u00fct\u00e9seket tudtak v\u00e9grehajtani, t\u00f6bbek k\u00f6z\u00f6tt gy\u00f6ny\u00f6r\u0171 n\u0151ket ejthettek rabul, majd feles\u00e9gk\u00e9nt elhaj\u00f3ztak vel\u00fck Skandin\u00e1vi\u00e1ba &#8211; ez megtal\u00e1lhat\u00f3 a t\u00f6rt\u00e9netekben arr\u00f3l <a href=\"https:\/\/scandinavia.life\/hu\/norveg-nok\/\">, hogy mi\u00e9rt olyan sz\u00e9pek a skandin\u00e1v n\u0151k<\/a>.<\/p>\n\n<p class=\"wp-block-paragraph\">Val\u00f3j\u00e1ban a Viking elnevez\u00e9s csak a kal\u00f3zkod\u00e1s \u00e1lc\u00e1z\u00e1s\u00e1ra szolg\u00e1l. A viking kor teh\u00e1t egy olyan id\u0151szak a m\u00faltban, amikor fegyveres f\u00e9rfiak mer\u00e9szkedtek ki a ny\u00edlt tengerre \u00e9s Eur\u00f3pa m\u00e1s r\u00e9szeire, hogy porty\u00e1kat hajtsanak v\u00e9gre. E rajta\u00fct\u00e9sek n\u00e9melyike dr\u00e1mainak bizonyult, \u00e9s puszt\u00edt\u00e1st v\u00e9gzett a kontinent\u00e1lis Eur\u00f3p\u00e1ban.<\/p>\n\n<figure class=\"wp-block-gallery columns-1 is-cropped wp-block-gallery-2 is-layout-flex wp-block-gallery-is-layout-flex\"><ul class=\"blocks-gallery-grid\"><li class=\"blocks-gallery-item\"><figure><img loading=\"lazy\" decoding=\"async\" width=\"1024\" height=\"682\" src=\"https:\/\/scandinavia.life\/wp-content\/uploads\/2021\/09\/viking-1024x682.jpeg\" alt=\"\" data-id=\"5787\" data-full-url=\"http:\/\/scandinavia.life\/wp-content\/uploads\/2021\/09\/viking-scaled.jpeg\" data-link=\"http:\/\/scandinavia.life\/?attachment_id=5787#main\" class=\"wp-image-5787\" srcset=\"https:\/\/scandinavia.life\/wp-content\/uploads\/2021\/09\/viking-1024x682.jpeg 1024w, https:\/\/scandinavia.life\/wp-content\/uploads\/2021\/09\/viking-300x200.jpeg 300w, https:\/\/scandinavia.life\/wp-content\/uploads\/2021\/09\/viking-768x512.jpeg 768w, https:\/\/scandinavia.life\/wp-content\/uploads\/2021\/09\/viking-1536x1024.jpeg 1536w, https:\/\/scandinavia.life\/wp-content\/uploads\/2021\/09\/viking-2048x1365.jpeg 2048w\" sizes=\"auto, (max-width: 1024px) 100vw, 1024px\" \/><\/figure><\/li><\/ul><figcaption class=\"blocks-gallery-caption\">Egy viking akci\u00f3ban<\/figcaption><\/figure>\n\n<h2 class=\"wp-block-heading\">\u00dajra kapcsolatba l\u00e9pni a vikingekkel<\/h2>\n\n<p class=\"wp-block-paragraph\">Ma a viking hangulat nagyon er\u0151s Norv\u00e9gi\u00e1ban, a nemzet meglep\u0151 helyein viking falvak, t\u00far\u00e1k, t\u00f6rt\u00e9nelem \u00e9s m\u00fazeumok v\u00e1rj\u00e1k a l\u00e1togat\u00f3kat.<\/p>\n\n<p class=\"wp-block-paragraph\">A norv\u00e9g vikingeket \u0151r\u00fclt harcosoknak tartott\u00e1k. A csat\u00e1ban fejsz\u00e9t haszn\u00e1l\u00f3 vikingek nagy r\u00e9sze a norv\u00e9g r\u00e9szr\u0151l sz\u00e1rmazott, amint azt a r\u00e9g\u00e9szeti bizony\u00edt\u00e9kok is mutatj\u00e1k. Az els\u0151 bizony\u00edt\u00e9k az, hogy a norv\u00e9gokat tartott\u00e1k a legjobb tenger\u00e9szeknek \u00e9s \u00e9p\u00edt\u0151knek.<\/p>\n\n<p class=\"wp-block-paragraph\">A t\u00f6bbi bizony\u00edt\u00e9k arra utal, hogy a norv\u00e9gok hossz\u00fa ideig pog\u00e1nyok maradtak a sv\u00e9dekkel szemben. Emellett a norv\u00e9gok a h\u00e1rom viking t\u00edpus k\u00f6z\u00fcl a legb\u00e1trabbak. V\u00e9g\u00fcl pedig a norv\u00e9gok a legkalandv\u00e1gy\u00f3bbak \u00e9s a legink\u00e1bb \u00fatt\u00f6r\u0151k a d\u00e1nokhoz \u00e9s a sv\u00e9dekhez k\u00e9pest.<\/p>\n\n<h2 class=\"wp-block-heading\">A viking korszak<\/h2>\n\n<p class=\"wp-block-paragraph\">Egy r\u00f6vid utaz\u00e1s Norv\u00e9gi\u00e1ban ki fogja tenni, hogy n\u00e9h\u00e1ny mag\u00e1val ragad\u00f3 gazdag t\u00f6rt\u00e9nelmi \u00f6r\u00f6ks\u00e9g, valamint sz\u00e1mos <a href=\"https:\/\/www.fjordnorway.com\/top-attractions\/vikings#:~:text=The%20Vikings'%20seaworthiness%20and%20impulsiveness,day%20America%2C%20long%20before%20Columbus.\">l\u00e1that\u00f3 vikingek nyomok<\/a> \u00e9s uralkodott a nemzet k\u00f6z\u00f6tt AD800 AD 1066. A viking korszak <a href=\"https:\/\/www.historic-uk.com\/HistoryMagazine\/DestinationsUK\/Lindisfarne\/\">Lindisfarne kolostor\u00e1val<\/a> kezd\u0151d\u00f6tt Kr. u. 793 k\u00f6r\u00fcl, \u00e9s a <a href=\"https:\/\/www.bbc.co.uk\/bitesize\/guides\/zq9mv4j\/revision\/2\">Stamford Bridge-i csat\u00e1val<\/a> \u00e9rt v\u00e9get 1066 k\u00f6r\u00fcl. Ez id\u0151 alatt az angol hadsereg sikeresen visszaverte a Harald Hardrada kir\u00e1ly vezette viking t\u00e1mad\u00f3kat.<\/p>\n\n<p class=\"wp-block-paragraph\">A vikingek kih\u00edv\u00e1st jelent\u0151 t\u00e1rsadalmi int\u00e9zm\u00e9nyeket hoztak l\u00e9tre, \u00e9s fel\u00fcgyelt\u00e9k a kereszt\u00e9nys\u00e9g bevezet\u00e9s\u00e9t Skandin\u00e1vi\u00e1ban. Ez nagy nyomot hagyott Eur\u00f3pa t\u00f6rt\u00e9nelm\u00e9ben a felfedez\u00e9sek, a gyarmatos\u00edt\u00e1s \u00e9s a kereskedelem r\u00e9v\u00e9n.<\/p>\n\n<figure class=\"wp-block-image size-large\"><img loading=\"lazy\" decoding=\"async\" width=\"1024\" height=\"683\" src=\"https:\/\/scandinavia.life\/wp-content\/uploads\/2021\/09\/viking-1-1024x683.jpeg\" alt=\"\" class=\"wp-image-5797\" srcset=\"https:\/\/scandinavia.life\/wp-content\/uploads\/2021\/09\/viking-1-1024x683.jpeg 1024w, https:\/\/scandinavia.life\/wp-content\/uploads\/2021\/09\/viking-1-300x200.jpeg 300w, https:\/\/scandinavia.life\/wp-content\/uploads\/2021\/09\/viking-1-768x512.jpeg 768w, https:\/\/scandinavia.life\/wp-content\/uploads\/2021\/09\/viking-1-1536x1024.jpeg 1536w, https:\/\/scandinavia.life\/wp-content\/uploads\/2021\/09\/viking-1.jpeg 1920w\" sizes=\"auto, (max-width: 1024px) 100vw, 1024px\" \/><figcaption>A rettegett vikingek<\/figcaption><\/figure>\n\n<h2 class=\"wp-block-heading\">Norv\u00e9gia viking kir\u00e1lys\u00e1gai<\/h2>\n\n<p class=\"wp-block-paragraph\">A mai Norv\u00e9gia nagy \u00e1talakul\u00e1son ment kereszt\u00fcl, amelyet a vikingek, az \u00faj trendek \u00e9s a leg\u00fajabb felfedez\u00e9sek alak\u00edtottak. A <sup>9<\/sup>. sz\u00e1zad k\u00f6r\u00fcl a nemzetet kis egy\u00e9ni birtokok, birtokok \u00e9s kir\u00e1lys\u00e1gok alkott\u00e1k. K\u00f6r\u00fclbel\u00fcl kilenc kis kir\u00e1lys\u00e1g l\u00e9tezett, amelyek a vikingek ter\u00fclet\u00e9nek nagy r\u00e9sz\u00e9t elfoglalt\u00e1k. A kir\u00e1lys\u00e1gok k\u00f6z\u00e9 tartozik Rogaland, Vestfold \u00e9s Kattegat.<\/p>\n\n<h2 class=\"wp-block-heading\">A vikingek helysz\u00ednei<\/h2>\n\n<p class=\"wp-block-paragraph\">A vikingek f\u0151leg az \u00f3ce\u00e1nokon voltak. Ennek oka, hogy a lakoss\u00e1g nagy r\u00e9sze a part menti ter\u00fcleteken maradt hal\u00e1szni \u00e9s gazd\u00e1lkodni. Emiatt a viking korszak k\u00e9s\u0151bbi id\u0151szak\u00e1ig kev\u00e9s v\u00e1ros l\u00e9tezett.<\/p>\n\n<p class=\"wp-block-paragraph\"><a href=\"https:\/\/www.thedockyards.com\/history-kaupang-skiringssal-norways-first-town\/\">Skiringssal<\/a> sz\u00e1m\u00edtott a legnagyobb n\u00e9pess\u00e9g\u0171 k\u00f6zpontnak, ahol k\u00f6r\u00fclbel\u00fcl 500 \u00e9szaki lakott. Ez volt a vikingek szent helye \u00e9s kereskedelmi k\u00f6zpontja Norv\u00e9gi\u00e1ban.<\/p>\n\n<h2 class=\"wp-block-heading\">A h\u00edres norv\u00e9giai viking vezet\u0151k<\/h2>\n\n<p class=\"wp-block-paragraph\">A vikingek Skandin\u00e1via lak\u00f3i voltak a <sup>8<\/sup>. sz\u00e1zadt\u00f3l a 11<sup>.<\/sup> sz\u00e1zadig. A viking vezet\u0151k k\u00f6z\u00f6tt van V\u00f6r\u00f6s Erik, aki a gr\u00f6nlandi \u00e9szaki telep\u00fcl\u00e9st finansz\u00edrozta, \u00e9s Harald Hardrada, az utols\u00f3 kiemelked\u0151 viking vezet\u0151.<\/p>\n\n<h2 class=\"wp-block-heading\">Erick a V\u00f6r\u00f6s<\/h2>\n\n<p class=\"wp-block-paragraph\">Erick volt a gr\u00f6nlandi els\u0151 \u00e9szaki telep\u00fcl\u00e9s alap\u00edt\u00f3ja.<\/p>\n\n<p class=\"wp-block-paragraph\">A Norv\u00e9gi\u00e1ban sz\u00fcletett <a href=\"https:\/\/www.britannica.com\/biography\/Erik-the-Red\">Erick the Red<\/a> Erik Thorvaldsso n\u00e9ven is ismert volt; ezt a becenevet heves v\u00e9rm\u00e9rs\u00e9klete \u00e9s v\u00f6r\u00f6s haja miatt kapta. Az ap\u00e1t kezdetben sz\u00e1m\u0171zt\u00e9k Norv\u00e9gi\u00e1b\u00f3l, mivel meg\u00f6lt valakit, \u00e9s emiatt csal\u00e1dj\u00e1val Izlandra k\u00f6lt\u00f6z\u00f6tt.<\/p>\n\n<p class=\"wp-block-paragraph\">Izlandon Eriket ember\u00f6l\u00e9ssel is megv\u00e1dolt\u00e1k, ami miatt sz\u00e1m\u0171zt\u00e9k. Miut\u00e1n elhagyta a helyet, egy felt\u00e1ratlan szigetre haj\u00f3zott, \u00e9s Gr\u00f6nlandon k\u00f6t\u00f6tt ki azzal a c\u00e9llal, hogy a leend\u0151 telepeseket elcs\u00e1b\u00edtsa. N\u00e9h\u00e1ny \u00e9v m\u00falva visszat\u00e9rt Izlandra, ahol egy k\u00f6r\u00fclbel\u00fcl 25 haj\u00f3b\u00f3l \u00e1ll\u00f3 flott\u00e1t k\u00e9sz\u00edtett el\u0151, amely telepeseket sz\u00e1ll\u00edtott <a href=\"https:\/\/en.wikipedia.org\/wiki\/Greenland\">Gr\u00f6nlandra<\/a>.<\/p>\n\n<p class=\"wp-block-paragraph\">A cs\u00facsid\u0151szakban a gr\u00f6nlandi kol\u00f3ni\u00e1nak k\u00f6r\u00fclbel\u00fcl 5000 lakosa volt. Erik hal\u00e1la ut\u00e1n a gr\u00f6nlandi \u00e9szaki k\u00f6z\u00f6ss\u00e9gek tov\u00e1bb \u00e9ltek, miel\u0151tt a <sup>14-15<\/sup>. sz\u00e1zadban eln\u00e9ptelenedtek. \u00c9ppen ez\u00e9rt rejt\u00e9lyes az \u00e9szak-gr\u00f6nlandiak elt\u0171n\u00e9se. A t\u00f6bbi t\u00e9nyez\u0151, amely hozz\u00e1j\u00e1rulhatott elt\u0171n\u00e9s\u00fckh\u00f6z, a kereskedelmi lehet\u0151s\u00e9gek cs\u00f6kken\u00e9se \u00e9s a leh\u0171l\u0151 \u00e9ghajlat.<\/p>\n\n<h2 class=\"wp-block-heading\">Eric Bloodaxe<\/h2>\n\n<p class=\"wp-block-paragraph\">Viking \u00e9letm\u00f3dban sz\u00fcletett. 12 \u00e9ves kora \u00f3ta sz\u00e1mos v\u00e9res eur\u00f3pai rajta\u00fct\u00e9sben vett r\u00e9szt. <a href=\"http:\/\/www.historyofyork.org.uk\/themes\/viking\/eric-bloodaxe\">Erik<\/a> volt Norv\u00e9gia els\u0151 kir\u00e1ly\u00e1nak, Harald Fairhairnek a sokadik fia. Ebb\u0151l tanulta meg, hogy az er\u0151szak a hat\u00e9kony m\u00f3dja annak, hogy valaki viking k\u00f6z\u00f6ss\u00e9gk\u00e9nt megk\u00fcl\u00f6nb\u00f6ztesse mag\u00e1t.<\/p>\n\n<h2 class=\"wp-block-heading\">Olaf Tryggvason<\/h2>\n\n<p class=\"wp-block-paragraph\">Harald Fairhair unok\u00e1ja volt, aki az els\u0151 kir\u00e1ly volt abban az id\u0151ben, aki egyes\u00edtette Norv\u00e9gi\u00e1t. Apja hal\u00e1la ut\u00e1n Norv\u00e9gi\u00e1ban nevelkedett, \u00e9s 991-ben \u0151 vezette Anglia viking inv\u00e1zi\u00f3j\u00e1t, amelyet a <a href=\"https:\/\/en.wikipedia.org\/wiki\/Battle_of_Maldon\">maldoni csata<\/a> gy\u0151zelme k\u00f6vetett. Ezt k\u00f6vet\u0151en Anglia vikingeket fizetett azzal a c\u00e9llal, hogy egy ideig megakad\u00e1lyozza a j\u00f6v\u0151beni t\u00e1mad\u00e1sokat.<\/p>\n\n<p class=\"wp-block-paragraph\">994 k\u00f6r\u00fcl Olaf, valamint bar\u00e1tja, Sweyn Forkbeard, D\u00e1nia kir\u00e1lya ind\u00edtott angliai porty\u00e1t, \u00e9s Danegeldnek tekintett\u00e9k magukat. 995-ben <a href=\"https:\/\/scandinavia.life\/hu\/szent-olaf-vegso-nyughelye\/\">Olaf megsz\u00e1llta Norv\u00e9gi\u00e1t<\/a>, ahol Nagy Hakon, az uralkod\u00f3 <a href=\"https:\/\/www.history.com\/news\/6-viking-leaders-you-should-know\">meggyilkol\u00e1sa<\/a> ut\u00e1n kir\u00e1lly\u00e1 tett\u00e9k. Kir\u00e1lyk\u00e9nt kereszt\u00e9nys\u00e9gre k\u00e9nyszer\u00edtette k\u00f6vet\u0151it, mivel a norv\u00e9gok kezdetben pog\u00e1nyok voltak.<\/p>\n\n<h2 class=\"wp-block-heading\">Harald Hardrada<\/h2>\n\n<p class=\"wp-block-paragraph\"><meta charset=\"utf-8\"\/>Harald Hardrada volt az utols\u00f3 kiemelked\u0151 viking vez\u00e9r.<\/p>\n\n<p class=\"wp-block-paragraph\">1015-ben sz\u00fcletett Norv\u00e9gi\u00e1ban. Tin\u00e9dzserk\u00e9nt r\u00e9szt vett a Stiklestad-csat\u00e1ban, amelyet 1030-ban a Norv\u00e9gi\u00e1ba sz\u00e1m\u0171z\u00f6tt f\u00e9ltestv\u00e9re (kir\u00e1lya), Olaf Haraldsson v\u00edvott. Ennek oka az, hogy megpr\u00f3b\u00e1lta visszaadni a hatalmat. Olaf seregei veres\u00e9get szenvedtek, \u0151t meg\u00f6lt\u00e9k, Haraldot pedig sz\u00e1m\u0171zet\u00e9sbe k\u00fcldt\u00e9k.<\/p>\n\n<p class=\"wp-block-paragraph\">K\u00e9s\u0151bb Harald <a href=\"https:\/\/www.worldhistory.org\/Constantinople\/\">Konstantin\u00e1polyba<\/a> utazott, ahol csatlakozott a biz\u00e1nci cs\u00e1sz\u00e1rs\u00e1g tekint\u00e9lyes var\u00e1nci g\u00e1rd\u00e1j\u00e1hoz. Miut\u00e1n a j\u00f3l felszerelt hadsereggel meggazdagodott, az 1040-es \u00e9vek k\u00f6r\u00fcl visszat\u00e9rt Skandin\u00e1vi\u00e1ba. Ekkor sz\u00f6vets\u00e9get tervezett egy olyan szem\u00e9llyel, aki ig\u00e9nyt tartott a d\u00e1n tr\u00f3nra, <a href=\"https:\/\/www.dandebat.dk\/eng-dk-historie25.htm\">Sweyn Estrithsonnal<\/a>.<\/p>\n\n<p class=\"wp-block-paragraph\">Harald sz\u00f6vets\u00e9get k\u00f6t\u00f6tt, hogy megk\u00fczdhessen a Norv\u00e9gi\u00e1t ural\u00f3 Magnus kir\u00e1llyal. K\u00e9s\u0151bb felhagyott a t\u00e1rsul\u00e1ssal, mivel norv\u00e9g t\u00e1rsuralkod\u00f3v\u00e1 tett\u00e9k. Magnus hal\u00e1la ut\u00e1n \u0151 kapta meg a tr\u00f3nt.<\/p>\n\n<p class=\"wp-block-paragraph\">A legt\u00f6bb csat\u00e1t megnyerte, \u00e9s m\u00e9g 1064-ben is b\u00e9k\u00e9t k\u00f6t\u00f6tt, \u00e9s lemondott d\u00e1niai k\u00f6vetel\u00e9seir\u0151l. K\u00e9s\u0151bb \u00fagy d\u00f6nt\u00f6tt, hogy Angli\u00e1ra \u00f6sszpontos\u00edt, \u00e9s k\u00e9t \u00e9vig megsz\u00e1llta azt, ahol megnyerte a Fulford Gate-i csat\u00e1t. K\u00e9s\u0151bb Harold Godwinson, Anglia \u00faj kir\u00e1lya a Stamford Bridge-i csata sor\u00e1n Harold sereg\u00e9t letarolta, ahol meghalt.<\/p>\n\n<h2 class=\"wp-block-heading\">Stiklestad M\u00fazeum<\/h2>\n\n<p class=\"wp-block-paragraph\">Trondheimt\u0151l \u00e9szakra fekszik, \u00e9s ez az a hely, ahol Olav Haraldsson elvesztette csat\u00e1j\u00e1t. Emellett ez egy nagyszer\u0171 m\u00fazeum, amely a vikingek t\u00f6rt\u00e9net\u00e9nek szentelt.<\/p>\n\n<p class=\"wp-block-paragraph\">J\u00faliusban a <a href=\"https:\/\/dbpedia.org\/page\/Battle_of_Stiklestad\">Stiklestad<\/a> \u00e1ltal\u00e1ban otthont ad az Olsokdagene-nek. A fesztiv\u00e1l \u00e1ltal\u00e1ban gazdag \u00e9telekben, kereskedelemben, mesemond\u00e1sban \u00e9s rekonstrukci\u00f3kban. Az emberek \u00fagy \u00e9rzik, hogy \u0151k viking kir\u00e1lyok. A m\u00fazeumban olyan ki\u00e1ll\u00edt\u00e1sok l\u00e1that\u00f3k, amelyek lehet\u0151s\u00e9get adnak az embereknek arra, hogy belek\u00f3stoljanak a norv\u00e9g \u00e9letbe.<\/p>\n\n<h2 class=\"wp-block-heading\">Az Avaldsnes-i viking farm<\/h2>\n\n<p class=\"wp-block-paragraph\">Itt fojtotta meg Olav Tryggvason a var\u00e1zsl\u00f3kat. Megmutatja, hogyan \u00e9ltek a vikingek a mindennapokban. A viking h\u00e1zakat ki lehet b\u00e9relni, hogy tapasztalatot szerezzenek.<\/p>\n\n<h2 class=\"wp-block-heading\"><meta charset=\"utf-8\"\/>A h\u00edres d\u00e1niai viking vez\u00e9rek<\/h2>\n\n<p class=\"wp-block-paragraph\">A d\u00e1n vikingek d\u00e1nok n\u00e9ven is ismertek voltak, \u00e9s \u00fagy tartj\u00e1k, hogy a sv\u00e9d \u00e9s norv\u00e9g vikingekhez k\u00e9pest \u0151k voltak a politikailag legszervezettebbek. A d\u00e1nok voltak a leger\u0151sebbek az \u00e9szakiak k\u00f6z\u00f6tt, mind katonai, mind politikai szempontb\u00f3l. Emellett a d\u00e1n vikingek voltak az els\u0151 emberek, akik a <sup>9<\/sup>. sz\u00e1zad v\u00e9g\u00e9n \u00e1tt\u00e9rtek a kereszt\u00e9nys\u00e9gre.<\/p>\n\n<h2 class=\"wp-block-heading\">Gorm az \u00d6reg<\/h2>\n\n<p class=\"wp-block-paragraph\">\u00d6reg Gorm volt az els\u0151, aki d\u00e1n kir\u00e1lynak nevezte mag\u00e1t, \u00e9s \u0151 volt az els\u0151, aki a &#8222;D\u00e1nia&#8221; nevet haszn\u00e1lta a nemzetre, amelynek nev\u00e9ben uralkodott Kr. u. 936-t\u00f3l Kr. u. 958-ban bek\u00f6vetkezett hal\u00e1l\u00e1ig. Gorm Jellingb\u0151l uralkodott, \u00e9s feles\u00e9ge, Thyra tisztelet\u00e9re elk\u00e9sz\u00edtette a legr\u00e9gebbi jellingi k\u00f6veket.<\/p>\n\n<p class=\"wp-block-paragraph\">Gorm Harthacnut kir\u00e1ly fia. \u00d6regnek sz\u00e1m\u00edtott, mivel \u0151 volt a D\u00e1n Monarchia hagyom\u00e1nyos \u0151scsal\u00e1dj\u00e1nak feje. A t\u00f6bbi uralkod\u00f3hoz k\u00e9pest id\u0151sebb volt, \u00e9s mivel olyan sok\u00e1ig \u00e9lt, Gorm vak volt, amikor fi\u00e1t, Canute-ot meg\u00f6lt\u00e9k. Fiai k\u00f6z\u00e9 tartozott Knut, Toke \u00e9s Harald Bluetooth.<\/p>\n\n<h2 class=\"wp-block-heading\">Harald Bluetooth<\/h2>\n\n<p class=\"wp-block-paragraph\">Harald Bluetooth az a d\u00e1n, aki a d\u00e1nokat kereszt\u00e9ny hitre t\u00e9r\u00edtette a pap, egy pap \u00e1ltal neki mutatott csod\u00e1k r\u00e9v\u00e9n. A csod\u00e1k k\u00f6z\u00e9 tartozott egy v\u00f6r\u00f6sen izz\u00f3 vasr\u00fad rutinszer\u0171 megtart\u00e1sa, \u00e9s az a papa hite miatt val\u00f3ban el\u00e9gett. Val\u00f3j\u00e1ban azonban \u00e1tt\u00e9rt, mivel ki akarta h\u00edvni a n\u00e9met inv\u00e1zi\u00f3t, akik m\u00e1r kereszt\u00e9nyek voltak. Ez azt jelenti, hogy nehezen tudn\u00e1 igazolni a kereszt\u00e9ny kir\u00e1lys\u00e1g elleni t\u00e1mad\u00e1st.<\/p>\n\n<p class=\"wp-block-paragraph\">B\u00e1r a d\u00e1n \u00e1tt\u00e9r\u00e9st tartj\u00e1k a legnagyobb teljes\u00edtm\u00e9ny\u00e9nek, hat\u00e9kony uralkod\u00f3 volt. Jav\u00edtotta orsz\u00e1ga infrastrukt\u00far\u00e1j\u00e1t, \u00e9s megszil\u00e1rd\u00edtotta a szomsz\u00e9dokkal k\u00f6t\u00f6tt szerz\u0151d\u00e9seket \u00e9s meg\u00e1llapod\u00e1sokat. Sajnos az \u00e1talak\u00edt\u00e1s miatt Sweyn Forkbeard megd\u00f6nt\u00f6tte \u0151t, \u00e9s \u00e1tvette a hatalmat. Haraldot Bluetoothnak bec\u00e9zt\u00e9k, mivel volt egy halott foga, amely k\u00e9k volt. Ericsson, egy sv\u00e9d t\u00e1vk\u00f6zl\u00e9si v\u00e1llalat, a viking kora miatt v\u00e1lasztotta ezt a nevet. Emellett az alap\u00edt\u00f3k \u00fagy v\u00e9lt\u00e9k, hogy k\u00e9pes arra, hogy b\u00e9k\u00e9s t\u00e1rgyal\u00e1sokon egyes\u00edtse az egy\u00e9neket.<\/p>\n\n<h2 class=\"wp-block-heading\">Sweyn Forkbeard<\/h2>\n\n<p class=\"wp-block-paragraph\">Sweyn Forkbeard 986-t\u00f3l 1014-ig volt D\u00e1nia uralkod\u00f3ja, miut\u00e1n sz\u00f6rny\u0171s\u00e9gre hivatkozva \u00e1tvette a tr\u00f3nt apj\u00e1t\u00f3l. 1013-ban \u0151 lett Anglia els\u0151 d\u00e1n kir\u00e1lya. Sweyn pog\u00e1ny volt, \u00e9s elnyomta a kereszt\u00e9nyeket, s\u0151t, m\u00e9g tov\u00e1bb ment, \u00e9s ki\u0171zte a n\u00e9met p\u00fcsp\u00f6k\u00f6ket Z\u00e9landr\u00f3l \u00e9s Sk\u00e1ni\u00e1b\u00f3l.<\/p>\n\n<p class=\"wp-block-paragraph\">Sweyn sz\u00f6vets\u00e9get k\u00f6t\u00f6tt a sv\u00e9d kir\u00e1llyal Olaf Tryggvason norv\u00e9g kir\u00e1ly ellen. Emellett 964-ben, a n\u00e9met sereggel szembeni veres\u00e9get k\u00f6vet\u0151en elvesztette a norv\u00e9giai k\u00f6vetel\u00e9seket. Olaf veres\u00e9ge miatt Norv\u00e9gi\u00e1t \u00e9s a nyugati Balti-tengert a gy\u0151ztesek k\u00f6z\u00f6tt osztott\u00e1k fel. Elindult, \u00e9s feld\u00falta Angli\u00e1t, amelynek 1013-ban kir\u00e1lly\u00e1 nyilv\u00e1n\u00edtott\u00e1k, de alig \u00f6t h\u00e9ttel a korm\u00e1nyz\u00e1s ut\u00e1n meghalt.<\/p>\n\n<h2 class=\"wp-block-heading\">Nagy Cnut<\/h2>\n\n<p class=\"wp-block-paragraph\">\u0150 egy \u00e1d\u00e1z d\u00e1n uralkod\u00f3 volt, aki \u00c9szak-Eur\u00f3pa nagy r\u00e9sz\u00e9t megh\u00f3d\u00edtva uralkodott Angli\u00e1ban. Angli\u00e1t 1016-t\u00f3l 1035-ig uralta. Eml\u00e9kezetes m\u00e9g, hogy Norv\u00e9gia, D\u00e1nia, Anglia \u00e9s Sv\u00e9dorsz\u00e1g egyes r\u00e9szeinek kir\u00e1lya lett. Apja a &#8222;Forkbeard&#8221; v\u00e9na volt, aki 1030-ban lett Anglia kir\u00e1lya.<\/p>\n\n<p class=\"wp-block-paragraph\">Canute befoly\u00e1sos kir\u00e1ly volt. Egyes\u00edtette a d\u00e1n \u00e9s az angol kir\u00e1lys\u00e1got, amib\u0151l szint\u00e9n hasznot h\u00fazott. Ezen k\u00edv\u00fcl a balti-tengeri \u00fatvonal ellen\u0151rz\u00e9se nagyban el\u0151seg\u00edtette az angol gazdas\u00e1got \u00e9s kereskedelmet. A skandin\u00e1v ellenfelekkel val\u00f3 t\u00f6bb\u00e9ves konfliktus ut\u00e1n 1028-ban k\u00f6vetelte Norv\u00e9gia tr\u00f3nj\u00e1t.<\/p>\n\n<h2 class=\"wp-block-heading\">Ragnar Lothbrok<\/h2>\n\n<p class=\"wp-block-paragraph\">Ragnar Lothbrok viking harcos \u00e9s f\u00f6ldm\u0171ves. L\u00e9tez\u00e9s\u00e9vel kapcsolatban azonban ellentmond\u00e1sok vannak. Az ellentmond\u00e1sok ellen\u00e9re a t\u00f6rt\u00e9nelem \u00fagy tartja, hogy a 9<sup>.<\/sup> sz\u00e1zadban t\u00f6bb porty\u00e1t is v\u00e9grehajtott a Szent R\u00f3mai Birodalom \u00e9s a Brit-szigetek ellen. Az \u00f3\u00e9szaki t\u00f6rt\u00e9net szerint fiai k\u00f6z\u00e9 tartozik Hubba, Inwaer (Ivar a csont n\u00e9lk\u00fcli) \u00e9s Halfdan, aki 865-ben a kelet-angliai inv\u00e1zi\u00f3t vezette.<\/p>\n\n<p class=\"wp-block-paragraph\">Ragnar volt az els\u0151 skandin\u00e1v, aki Britanni\u00e1ban porty\u00e1zott. Emellett \u0151 volt a korai Franciaorsz\u00e1g \u00e9s a k\u00f6z\u00e9pkori Anglia csap\u00e1sa, mivel t\u00f6bbsz\u00f6r is porty\u00e1zott Wessex \u00e9s Northumbria kir\u00e1lys\u00e1gaiban. Apjuk hal\u00e1l\u00e1t megbosszulva a fi\u00fak megsz\u00e1llt\u00e1k Angli\u00e1t.  <\/p>\n\n<h2 class=\"wp-block-heading\">Halfdan Ragnarsson<\/h2>\n\n<p class=\"wp-block-paragraph\">Halfdan Ragnarsson a d\u00e1n kir\u00e1lys\u00e1g alap\u00edt\u00f3ja, \u00e9s \u00fagy tartj\u00e1k, hogy \u0151 <a href=\"https:\/\/www.britannica.com\/topic\/Ragnar-Lothbrok\">Ragnar Lothbrok<\/a> fia, aki a <sup>9<\/sup>. sz\u00e1zadban h\u00edres viking volt. R\u00e9szt vett az angolsz\u00e1sz f\u00f6ldek d\u00e9li r\u00e9sz\u00e9n v\u00e9grehajtott porty\u00e1z\u00e1sokban. K\u00f6vet\u0151ivel egy\u00fctt 874-ben megsz\u00e1llta a Tyne foly\u00f3 torkolat\u00e1t, \u00e9s r\u00e9szt vett a britek \u00e9s a strathclyde-i piktek elleni h\u00e1bor\u00faban.<\/p>\n\n<p class=\"wp-block-paragraph\">876-ban Halfdan sz\u00e9tosztotta a York-vid\u00e9ket az emberei k\u00f6z\u00f6tt. Emellett \u0151 az apja annak a k\u00e9t kir\u00e1lynak, Hr\u00f3arnak \u00e9s Helginak, akik \u0151t k\u00f6vett\u00e9k D\u00e1nia uralm\u00e1ban. Ezen k\u00edv\u00fcl \u0151 volt a parancsnoka annak a nagy pog\u00e1ny seregnek, amely 865-t\u0151l az <a href=\"https:\/\/en.wikipedia.org\/wiki\/Anglo-Saxons\">angolsz\u00e1sz<\/a> angliai kir\u00e1lys\u00e1gokat sz\u00e1llta meg.<\/p>\n\n<h2 class=\"wp-block-heading\">H\u00edres viking helysz\u00ednek \u00e9s m\u00fazeumok D\u00e1ni\u00e1ban<\/h2>\n\n<ol class=\"wp-block-list\" type=\"1\"><li>A Ladby-i Viking M\u00fazeum<\/li><li>A Trelleborg viking er\u0151d<\/li><li>A Viking Haj\u00f3 M\u00fazeum<\/li><li>Kongernes Jelling<\/li><li>Lindholm Hoje<\/li><li>A Moesgard M\u00fazeum<\/li><li>Fyrkat Viking K\u00f6zpont  <\/li><li>A Nemzeti M\u00fazeum<\/li><li>Az Aggersborg viking er\u0151d<\/li><li>Bork Vikingehavn<\/li><li>A legend\u00e1k f\u00f6ldje<\/li><li>A Viking M\u00fazeum<\/li><\/ol>\n\n<h2 class=\"wp-block-heading\">A h\u00edres sv\u00e9dorsz\u00e1gi viking vezet\u0151k<\/h2>\n\n<p class=\"wp-block-paragraph\">A sv\u00e9dek eredetileg ruszok vagy var\u00e1ngok n\u00e9ven voltak ismertek, \u00e9s a h\u00e1rom k\u00f6z\u00fcl \u0151k azok, akik hossz\u00fa ideig, eg\u00e9szen a <sup>12<\/sup>. sz\u00e1zadig pog\u00e1nyok maradtak. A Dnyepert\u0151l \u00e9s a Volg\u00e1t\u00f3l keletre \u00faj ter\u00fcletek felfedez\u00e9s\u00e9re \u00e9s kifoszt\u00e1s\u00e1ra v\u00e1llalkoztak. R\u00e1ad\u00e1sul kiv\u00e1l\u00f3 keresked\u0151k \u00e9s felfedez\u0151k voltak, de a d\u00e1nokhoz \u00e9s a norv\u00e9gokhoz k\u00e9pest nem voltak annyira er\u0151szakosak. F\u0151 c\u00e9ljuk els\u0151sorban a kereskedelem volt, \u00e9s ennek k\u00f6sz\u00f6nhet\u0151en hossz\u00fa kereskedelmi \u00fatvonalakat alak\u00edtottak ki a Fekete-tenger k\u00f6r\u00fcl \u00e9s a K\u00f6zel-Kelet fel\u00e9.<\/p>\n\n<h2 class=\"wp-block-heading\">Bj\u00f6rn Ironside<\/h2>\n\n<p class=\"wp-block-paragraph\">  Bj\u00f6rn \u00e9szaki viking \u00e9s Sv\u00e9dorsz\u00e1g kir\u00e1lya volt. A skandin\u00e1v t\u00f6rt\u00e9nelem 12. \u00e9s 13. sz\u00e1zad\u00e1ban Bj\u00f6rn Ragnar Lothbrok <a href=\"https:\/\/en.wikipedia.org\/wiki\/Ragnar_Lothbrok\">viking kir\u00e1ly<\/a> fia volt. \u0150 volt a sv\u00e9d dinasztia els\u0151 uralkod\u00f3ja (Munso).<\/p>\n\n<p class=\"wp-block-paragraph\">Az egyik kalandban, amelyben r\u00e9szt vesz, a nyomor\u00e9k Ivan testv\u00e9r, a Csont n\u00e9lk\u00fcli vezeti a band\u00e1t, m\u00edg Bj\u00f6rnr\u0151l \u00fagy tartj\u00e1k, hogy kegyetlen \u00e9s \u00fcgyes harcos, aki k\u00e9pes megford\u00edtani a csat\u00e1k menet\u00e9t. Viking harcosokat is mag\u00e1val vitt, amikor It\u00e1lia, Gibralt\u00e1r, Franciaorsz\u00e1g, Spanyolorsz\u00e1g \u00e9s Anglia ellen porty\u00e1zott. Bj\u00f6rn Ragnar Lothbrok viking kir\u00e1ly fia volt.<\/p>\n\n<h2 class=\"wp-block-heading\">Eric a gy\u0151ztes<\/h2>\n\n<p class=\"wp-block-paragraph\">Gy\u0151zedelmes Erik volt Sv\u00e9dorsz\u00e1g els\u0151 viking kir\u00e1lya. \u0150 nyerte meg a F\u00fdrisvellir csat\u00e1t az \u00f6reg Uppsal\u00e1n\u00e1l, miut\u00e1n fel\u00e1ldozta Odinnak, hogy ha nyer, t\u00edz \u00e9vre odaadja mag\u00e1t. Emellett 970-ben m\u00e1r uralkod\u00f3 volt. Gy\u0151zedelmes Eric volt az els\u0151 uralkod\u00f3, akit a Vattern-t\u00f3 k\u00f6r\u00fcli nagyok \u00e9s a Malaren-t\u00f3 k\u00f6r\u00fcli eredeti sv\u00e9dek elfogadtak.<\/p>\n\n<h2 class=\"wp-block-heading\">Olof Sk\u00f6tkonung<\/h2>\n\n<p class=\"wp-block-paragraph\">Olof Sk\u00f6tkonung Gy\u0151zedelmes Erik fia \u00e9s Sv\u00e9dorsz\u00e1g kir\u00e1lya volt. A kereszt\u00e9nys\u00e9g meghonos\u00edt\u00e1s\u00e1ra ir\u00e1nyul\u00f3 er\u0151fesz\u00edt\u00e9seit a nem kereszt\u00e9ny sv\u00e9d t\u00f6rzsf\u0151k nagym\u00e9rt\u00e9kben meghi\u00fas\u00edtott\u00e1k. Emellett ellenezte egy er\u0151s norv\u00e9g \u00e1llam kialakul\u00e1s\u00e1t, \u00e9s ez k\u00e9sztette arra, hogy csatlakozzon I. Sweyn Forkbeard d\u00e1n kir\u00e1lyhoz, aki 999 k\u00f6r\u00fcl gy\u0151ztes h\u00e1bor\u00fat ind\u00edtott Norv\u00e9gia ellen.<\/p>\n\n<p class=\"wp-block-paragraph\">Korai uralkod\u00e1sa alatt Olof viking exped\u00edci\u00f3t vezetett Wendlandba. \u00dagy tartj\u00e1k, hogy \u0151 volt az els\u0151 sv\u00e9d, aki kereszt\u00e9ny volt hal\u00e1l\u00e1ig. A h\u00e1bor\u00fat kedvel\u0151 el\u0151d\u00f6kh\u00f6z k\u00e9pest Olofr\u00f3l \u00fagy tartj\u00e1k, hogy sz\u00far\u00f3s \u00e9s g\u0151g\u00f6s kir\u00e1ly volt, aki a h\u00e1bor\u00fa helyett a kir\u00e1lyi sportokat r\u00e9szes\u00edtette el\u0151nyben.<\/p>\n\n<h2 class=\"wp-block-heading\">Sigurd Ring<\/h2>\n\n<p class=\"wp-block-paragraph\">Sigurd Ring a sv\u00e9dek kir\u00e1lya volt, ahogyan azt a r\u00e9gi skandin\u00e1v mond\u00e1k eml\u00edtik. Nagyb\u00e1tyja, Harald Wartooth adta neki Sv\u00e9dorsz\u00e1g vezet\u00e9s\u00e9t. K\u00e9s\u0151bb megpr\u00f3b\u00e1lta megbuktatni nagyb\u00e1tyj\u00e1t azzal a c\u00e9llal, hogy megszerezze D\u00e1nia koron\u00e1j\u00e1t. V\u00e9g\u00fcl megnyerte a br\u00e1velliri csat\u00e1t, amelybe Odin \u00e1ll\u00edt\u00f3lag Harald meg\u00f6l\u00e9s\u00e9vel avatkozott be. R\u00e1ad\u00e1sul \u0151 volt az apja az \u00e9szaki viking h\u0151snek, Ragnar Lodbroknak.<\/p>\n\n<h2 class=\"wp-block-heading\">H\u00edres viking helysz\u00ednek \u00e9s m\u00fazeumok Sv\u00e9dorsz\u00e1gban<\/h2>\n\n<ol class=\"wp-block-list\" type=\"1\"><li>Birka viking falu<\/li><li>Rattvik Viking h\u00e1z<\/li><li>Storholmen \u00e9l\u0151 falu<\/li><li>Stockholmi Viking M\u00fazeum<\/li><li>Foteviken Szabadt\u00e9ri M\u00fazeum<\/li><li>Gamla Uppsala<\/li><li>A R\u00f6ki Fut\u00f3k\u0151<\/li><li>Storn\u00e4set Viking h\u00e1z<\/li><li>Furudal\/ Guidekullo<\/li><li>Trelleborgen er\u0151d<\/li><\/ol>\n","protected":false},"excerpt":{"rendered":"<p>A h\u00edres vikingek fontos helyet foglalnak el Skandin\u00e1via t\u00f6rt\u00e9nelm\u00e9ben, amelyet senki sem hagyhat figyelmen k\u00edv\u00fcl. Nem sz\u00e1m\u00edt, hogy ki mit gondol vagy \u00e9rez arr\u00f3l, amit tett. Igen, porty\u00e1kat hajtottak v\u00e9gre, h\u00f3d\u00edtottak \u00e9s gyakran puszt\u00edt\u00e1st v\u00e9geztek. Mindazon\u00e1ltal, Skandin\u00e1via, ahogyan ma van, ezekre a tev\u00e9kenys\u00e9gekre vezethet\u0151 vissza, amelyek hazahozt\u00e1k \u00e9s foglyokat hoztak haza. Senki sem pr\u00f3b\u00e1lhatja meg<\/p>\n","protected":false},"author":1,"featured_media":30538,"comment_status":"closed","ping_status":"closed","sticky":false,"template":"","format":"standard","meta":{"footnotes":""},"categories":[24223],"tags":[24494,24497,24427,24500,24502],"class_list":["post-30511","post","type-post","status-publish","format-standard","has-post-thumbnail","hentry","category-uncategorized-hu","tag-norvegia-viking-fovarosa","tag-viking-varos","tag-vikingek","tag-vikings-skandinavia","tag-vikingship-muzeum"],"_links":{"self":[{"href":"https:\/\/scandinavia.life\/hu\/wp-json\/wp\/v2\/posts\/30511","targetHints":{"allow":["GET"]}}],"collection":[{"href":"https:\/\/scandinavia.life\/hu\/wp-json\/wp\/v2\/posts"}],"about":[{"href":"https:\/\/scandinavia.life\/hu\/wp-json\/wp\/v2\/types\/post"}],"author":[{"embeddable":true,"href":"https:\/\/scandinavia.life\/hu\/wp-json\/wp\/v2\/users\/1"}],"replies":[{"embeddable":true,"href":"https:\/\/scandinavia.life\/hu\/wp-json\/wp\/v2\/comments?post=30511"}],"version-history":[{"count":2,"href":"https:\/\/scandinavia.life\/hu\/wp-json\/wp\/v2\/posts\/30511\/revisions"}],"predecessor-version":[{"id":126571,"href":"https:\/\/scandinavia.life\/hu\/wp-json\/wp\/v2\/posts\/30511\/revisions\/126571"}],"wp:featuredmedia":[{"embeddable":true,"href":"https:\/\/scandinavia.life\/hu\/wp-json\/wp\/v2\/media\/30538"}],"wp:attachment":[{"href":"https:\/\/scandinavia.life\/hu\/wp-json\/wp\/v2\/media?parent=30511"}],"wp:term":[{"taxonomy":"category","embeddable":true,"href":"https:\/\/scandinavia.life\/hu\/wp-json\/wp\/v2\/categories?post=30511"},{"taxonomy":"post_tag","embeddable":true,"href":"https:\/\/scandinavia.life\/hu\/wp-json\/wp\/v2\/tags?post=30511"}],"curies":[{"name":"wp","href":"https:\/\/api.w.org\/{rel}","templated":true}]}}