{"id":37669,"date":"2021-04-25T12:04:18","date_gmt":"2021-04-25T12:04:18","guid":{"rendered":"http:\/\/scandinavia.life\/ugyved-svedorszagban\/"},"modified":"2025-07-01T08:05:54","modified_gmt":"2025-07-01T08:05:54","slug":"ugyved-svedorszagban","status":"publish","type":"post","link":"https:\/\/scandinavia.life\/hu\/ugyved-svedorszagban\/","title":{"rendered":"\u00dcgyv\u00e9d Sv\u00e9dorsz\u00e1gban"},"content":{"rendered":"\n<p class=\"wp-block-paragraph\">A t\u00f6bbi skandin\u00e1v orsz\u00e1ghoz hasonl\u00f3an Sv\u00e9dorsz\u00e1g is<a href=\"https:\/\/scandinavia.life\/hu\/svedorszag\/\">\u00e1ltal\u00e1ban b\u00e9k\u00e9s orsz\u00e1g<\/a>, ahol kev\u00e9s a b\u0171ncselekm\u00e9ny. Ez azonban nem jelenti azt, hogy nem lesz sz\u00fcks\u00e9ge jogi szolg\u00e1ltat\u00e1sokra. A Sv\u00e9dorsz\u00e1gban \u00e9l\u0151 emberek napi szinten k\u00fcl\u00f6nb\u00f6z\u0151 t\u00edpus\u00fa jogi szolg\u00e1ltat\u00e1sokra szorulnak, bele\u00e9rtve a csal\u00e1di, bev\u00e1ndorl\u00e1si, \u00fczleti, p\u00e9nz\u00fcgyi vagy ak\u00e1r b\u00fcntet\u0151jogi \u00fcgyeket is.  <\/p>\n\n<p class=\"wp-block-paragraph\">B\u00e1r a sv\u00e9d jog az <a href=\"https:\/\/www.un.org\/en\/about-us\/universal-declaration-of-human-rights\">emberi jogok minden form\u00e1j\u00e1t v\u00e9di<\/a> a legmagasabb szint\u0171 igazs\u00e1gszolg\u00e1ltat\u00e1s biztos\u00edt\u00e1sa \u00e9rdek\u00e9ben, egyes esetek m\u00e9gis jogi beavatkoz\u00e1st \u00e9s \u00e9rtelmez\u00e9st ig\u00e9nyelnek. Az \u00fcgyv\u00e9dek seg\u00edtenek \u00d6nnek meg\u00e9rteni \u00fcgye \u00e9rdemeit, jogi dokumentumokat k\u00e9sz\u00edtenek, \u00e9s k\u00e9pviselik \u00d6nt a b\u00edr\u00f3s\u00e1g el\u0151tt.  <\/p>\n\n<h2 class=\"wp-block-heading\">Mikor van sz\u00fcks\u00e9ge \u00fcgyv\u00e9dre Sv\u00e9dorsz\u00e1gban?<\/h2>\n\n<p class=\"wp-block-paragraph\">Annak eml\u00edt\u00e9se, hogy Sv\u00e9dorsz\u00e1gban fontos az \u00fcgyv\u00e9d ismerete, azt a hamis benyom\u00e1st keltheti, hogy az orsz\u00e1g hajlamos a t\u00f6rv\u00e9nys\u00e9rt\u00e9sre; ez t\u00e1volr\u00f3l sincs \u00edgy. A jogi szolg\u00e1ltat\u00e1sok nem csak a b\u0171ncselekm\u00e9nyekre utalnak, hanem minden olyan helyzetre, amely a jog alkalmaz\u00e1s\u00e1t ig\u00e9nyli.  <\/p>\n\n<p class=\"wp-block-paragraph\">Bev\u00e1ndorl\u00f3k\u00e9nt nem lehets\u00e9ges, hogy \u00d6n mindent tud a sv\u00e9dorsz\u00e1gi jogi k\u00f6rnyezetr\u0151l. Val\u00f3sz\u00edn\u0171leg \u00faj v\u00e1llalkoz\u00e1st szeretne ind\u00edtani, <a href=\"https:\/\/scandinavia.life\/hu\/tartozkodasi-engedely-svedorszag\/\">\u00faj jog\u00e1ll\u00e1st szeretne k\u00e9relmezni<\/a> az orsz\u00e1gban, ad\u00f3z\u00e1si, munka\u00fcgyi, emberi jogi k\u00e9rd\u00e9sekkel, vagy b\u00e1rmilyen olyan k\u00e9rd\u00e9ssel szeretne foglalkozni, amelyet csak jogi szak\u00e9rt\u0151 tud a legjobban megoldani.  <\/p>\n\n<p class=\"wp-block-paragraph\">A sv\u00e9dorsz\u00e1gi jogseg\u00e9ly nem felt\u00e9tlen\u00fcl garant\u00e1lja, hogy \u00d6n megnyeri az \u00fcgyet, de biztos\u00edtja, hogy minden, amit az \u00d6n vagy c\u00e9ge jogainak v\u00e9delme \u00e9rdek\u00e9ben tesz, \u00f6sszhangban legyen a meg\u00e1llap\u00edtott szab\u00e1lyokkal. \u0150 fogja az \u00d6n \u00fcgy\u00e9nek \u00e9rdemi r\u00e9sz\u00e9t megvizsg\u00e1lni, \u00e1tn\u00e9zi a megl\u00e9v\u0151 jogi v\u00e9delmet, \u00e9s azonos\u00edtja a legfontosabb jogi pontokat \u00e9s v\u00e9delmet, amelyek felhaszn\u00e1lhat\u00f3k az \u00d6n v\u00e9delm\u00e9re.  <\/p>\n\n<p class=\"wp-block-paragraph\">A polg\u00e1ri, kereskedelmi vagy b\u00fcntet\u0151\u00fcgyek mind a b\u00edr\u00f3s\u00e1g el\u0151tt \u00e1ll\u00f3 \u00fcgyek megfelel\u0151 dokument\u00e1ci\u00f3j\u00e1ra t\u00e1maszkodnak. A b\u00edr\u00f3s\u00e1g mindig az el\u00e9 t\u00e1rt anyagok \u00e9s bizony\u00edt\u00e9kok alapj\u00e1n hoz d\u00f6nt\u00e9st. Laikusk\u00e9nt nincs el\u00e9g szak\u00e9rtelme ahhoz, hogy tudja, milyen extra dolgot kell hozz\u00e1tennie az \u00fcgye feldob\u00e1s\u00e1hoz. Ism\u00e9tlem, nagy sz\u00fcks\u00e9ged van arra a plusz dologra, m\u00e9g ha kicsi is, ami es\u00e9lyt ad a gy\u0151zelemre.  <\/p>\n\n<figure class=\"wp-block-image size-large\"><img loading=\"lazy\" decoding=\"async\" width=\"1024\" height=\"768\" src=\"https:\/\/scandinavia.life\/wp-content\/uploads\/2021\/04\/per-loov-4wOkqiXNP7M-unsplash-1024x768.jpg\" alt=\"\" class=\"wp-image-3164\" srcset=\"https:\/\/scandinavia.life\/wp-content\/uploads\/2021\/04\/per-loov-4wOkqiXNP7M-unsplash-1024x768.jpg 1024w, https:\/\/scandinavia.life\/wp-content\/uploads\/2021\/04\/per-loov-4wOkqiXNP7M-unsplash-300x225.jpg 300w, https:\/\/scandinavia.life\/wp-content\/uploads\/2021\/04\/per-loov-4wOkqiXNP7M-unsplash-768x576.jpg 768w, https:\/\/scandinavia.life\/wp-content\/uploads\/2021\/04\/per-loov-4wOkqiXNP7M-unsplash-1536x1152.jpg 1536w, https:\/\/scandinavia.life\/wp-content\/uploads\/2021\/04\/per-loov-4wOkqiXNP7M-unsplash-2048x1536.jpg 2048w\" sizes=\"auto, (max-width: 1024px) 100vw, 1024px\" \/><figcaption>\u00dcgyv\u00e9det tal\u00e1lni<\/figcaption><\/figure>\n\n<h2 class=\"wp-block-heading\">Neves \u00fcgyv\u00e9di irod\u00e1k Sv\u00e9dorsz\u00e1gban<\/h2>\n\n<p class=\"wp-block-paragraph\">A jogi szolg\u00e1ltat\u00e1sok nagyon k\u00f6lts\u00e9gesek lehetnek. Val\u00f3j\u00e1ban b\u00e1rki azt fogja mondani, hogy tegyen meg mindent, amire k\u00e9pes, hogy elker\u00fclje, hogy olyan zavaros k\u00f6rnyezetbe ker\u00fclj\u00f6n, amely arra k\u00e9nyszer\u00edti \u00d6nt, hogy \u00fcgyv\u00e9dek fel\u00e9 forduljon kegyelem\u00e9rt. De b\u00e1rmennyire is \u00f3vatos vagy, n\u00e9ha a bajok h\u00edvatlanul j\u00f6nnek, \u00e9s szembe kell n\u00e9zned vel\u00fck.<\/p>\n\n<p class=\"wp-block-paragraph\">Nem akarja, hogy csak felvenni b\u00e1rmilyen \u00fcgyv\u00e9det, vagy vonja be az \u00fcgyv\u00e9di irod\u00e1k, amelyeknek nincs el\u0151zm\u00e9nye, hogy megmutass\u00e1k a munk\u00e1jukat. Val\u00f3j\u00e1ban az \u00fcgyv\u00e9d az, akinek minden titk\u00e1t el kell mondania, bele\u00e9rtve azokat is, amelyek terhel\u0151ek lehetnek. Meg kell tal\u00e1lnia a m\u00f3dj\u00e1t annak, hogy az \u00d6n inform\u00e1ci\u00f3it felhaszn\u00e1lva megv\u00e9dje \u00d6nt. Ez nem lehet ak\u00e1rki, akivel az utc\u00e1n tal\u00e1lkozol, \u00e9s aki \u00fcgyv\u00e9dnek mondja mag\u00e1t. Tud\u00f3snak kell lennie, megfelel\u0151en megalapozottnak a gyakorlatban, \u00e9s meggy\u0151z\u0151 \u00e9rz\u00e9kkel kell rendelkeznie ahhoz, hogy megnyerjen egy \u00fcgyet.  <\/p>\n\n<p class=\"wp-block-paragraph\">B\u00e1r a sv\u00e9dorsz\u00e1gi \u00fcgyv\u00e9dek mindegyike megfelel legal\u00e1bb a joggyakorl\u00e1shoz sz\u00fcks\u00e9ges minim\u00e1lis k\u00f6vetelm\u00e9nyeknek, egyesek t\u00f6bb tapasztalattal rendelkeznek az \u00fcgyek ter\u00e9n, mint a t\u00f6bbiek. Ism\u00e9tlem, egyes \u00fcgyv\u00e9di irod\u00e1k \u00e9s \u00fcgyv\u00e9dek mindig annyira egy\u00fctt\u00e9rz\u0151ek \u00fcgyfeleik helyzet\u00e9vel, hogy mindent megtesznek, bele\u00e9rtve az ingyenes extra szolg\u00e1ltat\u00e1sok felaj\u00e1nl\u00e1s\u00e1t is, csak hogy biztos\u00edts\u00e1k a gy\u0151zelmet. Amikor jogi szolg\u00e1ltat\u00e1sok ig\u00e9nybev\u00e9tel\u00e9hez folyamodik, minden, amire sz\u00fcks\u00e9ge van, nem kevesebb, mint egy gy\u0151zelem, a megfelel\u0151 \u00fcgyv\u00e9d vagy \u00fcgyv\u00e9di iroda kiv\u00e1laszt\u00e1sa az els\u0151 l\u00e9p\u00e9s az \u00fcgy megnyer\u00e9se fel\u00e9.  <\/p>\n\n<p class=\"wp-block-paragraph\">Az \u00fcgyv\u00e9di vagy \u00fcgyv\u00e9di iroda c\u00edm visel\u00e9se nem jelenti azt, hogy minden probl\u00e9m\u00e1j\u00e1t meg tudja oldani. Minden \u00fcgyv\u00e9dnek van egy bizonyos ter\u00fclete, ahol j\u00f3. Egy j\u00f3 \u00fcgyv\u00e9d egyenesen megmondja \u00d6nnek, ha az \u00d6n \u00fcgye nem tartozik a szakter\u00fclet\u00e9hez.  <\/p>\n\n<p class=\"wp-block-paragraph\">El\u0151sz\u00f6r is, \u00e1llap\u00edtsa meg, hogy az \u00d6n \u00fcgye a k\u00f6zigazgat\u00e1si, mez\u0151gazdas\u00e1gi, kereskedelmi, polg\u00e1ri, t\u00e1rsas\u00e1gi, vagy mely jogter\u00fcletekre tartozik. Ez seg\u00edteni fog \u00d6nnek abban, hogy melyik \u00fcgyv\u00e9d vagy \u00fcgyv\u00e9di iroda lesz az, amelyik val\u00f3sz\u00edn\u0171leg nyerni fog az \u00d6n sz\u00e1m\u00e1ra. Sv\u00e9dorsz\u00e1gban az \u00fcgyv\u00e9deknek megvannak az egyes szakter\u00fcletek, amelyekre \u00f6sszpontos\u00edtanak. Tekintse meg a k\u00fcl\u00f6nb\u00f6z\u0151 jogi szakter\u00fcleteket \u00e9s c\u00e9geket Sv\u00e9dorsz\u00e1gban.  <\/p>\n\n<figure class=\"wp-block-image size-large\"><img loading=\"lazy\" decoding=\"async\" width=\"1024\" height=\"576\" src=\"https:\/\/scandinavia.life\/wp-content\/uploads\/2021\/04\/mikhail-pavstyuk-EKy2OTRPXdw-unsplash-1024x576.jpg\" alt=\"\" class=\"wp-image-3162\" srcset=\"https:\/\/scandinavia.life\/wp-content\/uploads\/2021\/04\/mikhail-pavstyuk-EKy2OTRPXdw-unsplash-1024x576.jpg 1024w, https:\/\/scandinavia.life\/wp-content\/uploads\/2021\/04\/mikhail-pavstyuk-EKy2OTRPXdw-unsplash-300x169.jpg 300w, https:\/\/scandinavia.life\/wp-content\/uploads\/2021\/04\/mikhail-pavstyuk-EKy2OTRPXdw-unsplash-768x432.jpg 768w, https:\/\/scandinavia.life\/wp-content\/uploads\/2021\/04\/mikhail-pavstyuk-EKy2OTRPXdw-unsplash-1536x864.jpg 1536w, https:\/\/scandinavia.life\/wp-content\/uploads\/2021\/04\/mikhail-pavstyuk-EKy2OTRPXdw-unsplash-2048x1152.jpg 2048w\" sizes=\"auto, (max-width: 1024px) 100vw, 1024px\" \/><figcaption>Sv\u00e9dorsz\u00e1gi t\u00f6rv\u00e9nyek<\/figcaption><\/figure>\n\n<h2 class=\"wp-block-heading\">A jogi szolg\u00e1ltat\u00e1sok k\u00f6lts\u00e9gei Sv\u00e9dorsz\u00e1gban<\/h2>\n\n<p class=\"wp-block-paragraph\">A jogi szolg\u00e1ltat\u00e1sok ig\u00e9nybev\u00e9tele Sv\u00e9dorsz\u00e1gban komoly k\u00f6lts\u00e9gekkel j\u00e1r. Hacsak az \u00fcgy nem humanit\u00e1rius jelleg\u0171, \u00e9s a k\u00e9relmez\u0151 nem a stet, akkor a jogi k\u00f6lts\u00e9geket zsebb\u0151l kell fedeznie. Nem csoda, hogy egyes emberek vagy szervezetek biztos\u00edt\u00e1st k\u00f6tnek a jogi k\u00f6lts\u00e9gekre. Ha az \u00e1llam beperli \u00d6nt egy ilyen bev\u00e1ndorl\u00e1si \u00fcgyben, automatikusan kap egy \u00fcgyv\u00e9det, aki k\u00e9pviseli \u00d6nt.  <\/p>\n\n<p class=\"wp-block-paragraph\">M\u00e1s esetekben, amelyek nem humanit\u00e1rius jelleg\u0171ek, m\u00e1s jelleg\u0171 k\u00f6lts\u00e9gek mer\u00fclnek fel. Ez\u00e9rt, miel\u0151tt \u00fagy d\u00f6nt, hogy jogi szolg\u00e1ltat\u00e1sokat vesz ig\u00e9nybe, mindig fontos, hogy kipr\u00f3b\u00e1lja a b\u00edr\u00f3s\u00e1gon k\u00edv\u00fcli meg\u00e1llapod\u00e1sokat vagy alternat\u00edv vitarendez\u00e9si mechanizmusokat, amelyek nem felt\u00e9tlen\u00fcl olyan k\u00f6lts\u00e9gesek.  <\/p>\n\n<p class=\"wp-block-paragraph\">Sv\u00e9dorsz\u00e1gban \u00d6nnek kell fizetnie az \u00fcgyv\u00e9di k\u00f6lts\u00e9geket, valamint a b\u00edr\u00f3s\u00e1gnak fizetend\u0151 egy\u00e9b r\u00f6gz\u00edtett k\u00f6lts\u00e9geket, amelyek att\u00f3l f\u00fcggnek, hogy az \u00fcgye melyik kateg\u00f3ri\u00e1ba tartozik &#8211; polg\u00e1ri, b\u00fcntet\u0151jogi vagy b\u00e1rmelyik k\u00f6ztes kateg\u00f3ri\u00e1ba.  <\/p>\n\n<p class=\"wp-block-paragraph\">A d\u00edjak, hogy a jogi szakemberek d\u00edjat Sv\u00e9dorsz\u00e1gban nem szab\u00e1lyozott egy\u00e1ltal\u00e1n, Ez azt jelenti, hogy ez teljesen az \u00d6n \u00e9s az \u00fcgyv\u00e9d, hogy t\u00e1rgyalni, hogy mennyit hajland\u00f3 fizetni. Csak azokban az esetekben, amikor az \u00e1llam k\u00f6lts\u00e9gmentess\u00e9get biztos\u00edt, alkalmaznak \u00f3rad\u00edjat. Az \u00f3rad\u00edj m\u00e9rt\u00e9ke 2012-ben 1 205 SEK volt, h\u00e9a n\u00e9lk\u00fcl, de v\u00e1ltozhat.  <\/p>\n\n<p class=\"wp-block-paragraph\">Mivel a jogi d\u00edjak Sv\u00e9dorsz\u00e1gban nem szab\u00e1lyozott, meg kell, hogy t\u00e9nyleg alkudni, \u00e9s biztos\u00edtja, hogy a r\u00e9teg vagy \u00fcgyv\u00e9di iroda v\u00e9g\u00fcl rendezni fog val\u00f3ban sz\u00e1ll\u00edt \u00e9rdemes az alku.  <\/p>\n\n<h2 class=\"wp-block-heading\">Ki fizeti a jogi szolg\u00e1ltat\u00e1sokat Sv\u00e9dorsz\u00e1gban?  <\/h2>\n\n<p class=\"wp-block-paragraph\">Jellemz\u0151en <a href=\"https:\/\/www.lawline.se\/answers\/free-legal-aidconsultation-gratis-juridisk-konsultering-och-rattshjalp\">az \u00e1llam fizet<\/a> az \u00fcgyv\u00e9dnek vagy c\u00e9gnek, amely egy szervezetet k\u00e9pvisel, ha ezt megadj\u00e1k. Ellenkez\u0151 esetben a sv\u00e9d b\u00edr\u00f3s\u00e1gok el\u0151tt ind\u00edtott \u00fcgyekben a peres f\u00e9lnek vagy az alperesnek saj\u00e1t zsebb\u0151l kell viselnie az elj\u00e1r\u00e1sb\u00f3l ered\u0151 \u00f6sszes k\u00f6lts\u00e9get.  <\/p>\n\n<p class=\"wp-block-paragraph\">\u00c1ltal\u00e1noss\u00e1gban elmondhat\u00f3, hogy tiszt\u00e1ban kell lennie azzal, hogy ki fogja fizetni a jogi k\u00f6lts\u00e9geket, miel\u0151tt \u00fagy d\u00f6nt, hogy \u00fcgyv\u00e9dhez fordul. A gondos \u00fcgyv\u00e9dek mindenesetre id\u0151t sz\u00e1nnak arra, hogy elmagyar\u00e1zz\u00e1k \u00d6nnek, ki fogja fizetni a d\u00edjakat, \u00e9s milyen k\u00f6lts\u00e9geket h\u00e1r\u00edthatnak \u00d6nre, miel\u0151tt teljes m\u00e9rt\u00e9kben elmer\u00fcln\u00e9nek az \u00d6n \u00fcgy\u00e9ben.  <\/p>\n","protected":false},"excerpt":{"rendered":"<p>A t\u00f6bbi skandin\u00e1v orsz\u00e1ghoz hasonl\u00f3an Sv\u00e9dorsz\u00e1g is\u00e1ltal\u00e1ban b\u00e9k\u00e9s orsz\u00e1g, ahol kev\u00e9s a b\u0171ncselekm\u00e9ny. Ez azonban nem jelenti azt, hogy nem lesz sz\u00fcks\u00e9ge jogi szolg\u00e1ltat\u00e1sokra. A Sv\u00e9dorsz\u00e1gban \u00e9l\u0151 emberek napi szinten k\u00fcl\u00f6nb\u00f6z\u0151 t\u00edpus\u00fa jogi szolg\u00e1ltat\u00e1sokra szorulnak, bele\u00e9rtve a csal\u00e1di, bev\u00e1ndorl\u00e1si, \u00fczleti, p\u00e9nz\u00fcgyi vagy ak\u00e1r b\u00fcntet\u0151jogi \u00fcgyeket is. B\u00e1r a sv\u00e9d jog az emberi jogok minden form\u00e1j\u00e1t<\/p>\n","protected":false},"author":1,"featured_media":36518,"comment_status":"closed","ping_status":"closed","sticky":false,"template":"","format":"standard","meta":{"footnotes":""},"categories":[24472,24483],"tags":[25010,25007,25009],"class_list":["post-37669","post","type-post","status-publish","format-standard","has-post-thumbnail","hentry","category-elo","category-svedorszag","tag-ingyenes-jogsegely","tag-jogasz","tag-jogi-szolgaltatasok"],"_links":{"self":[{"href":"https:\/\/scandinavia.life\/hu\/wp-json\/wp\/v2\/posts\/37669","targetHints":{"allow":["GET"]}}],"collection":[{"href":"https:\/\/scandinavia.life\/hu\/wp-json\/wp\/v2\/posts"}],"about":[{"href":"https:\/\/scandinavia.life\/hu\/wp-json\/wp\/v2\/types\/post"}],"author":[{"embeddable":true,"href":"https:\/\/scandinavia.life\/hu\/wp-json\/wp\/v2\/users\/1"}],"replies":[{"embeddable":true,"href":"https:\/\/scandinavia.life\/hu\/wp-json\/wp\/v2\/comments?post=37669"}],"version-history":[{"count":7,"href":"https:\/\/scandinavia.life\/hu\/wp-json\/wp\/v2\/posts\/37669\/revisions"}],"predecessor-version":[{"id":153710,"href":"https:\/\/scandinavia.life\/hu\/wp-json\/wp\/v2\/posts\/37669\/revisions\/153710"}],"wp:featuredmedia":[{"embeddable":true,"href":"https:\/\/scandinavia.life\/hu\/wp-json\/wp\/v2\/media\/36518"}],"wp:attachment":[{"href":"https:\/\/scandinavia.life\/hu\/wp-json\/wp\/v2\/media?parent=37669"}],"wp:term":[{"taxonomy":"category","embeddable":true,"href":"https:\/\/scandinavia.life\/hu\/wp-json\/wp\/v2\/categories?post=37669"},{"taxonomy":"post_tag","embeddable":true,"href":"https:\/\/scandinavia.life\/hu\/wp-json\/wp\/v2\/tags?post=37669"}],"curies":[{"name":"wp","href":"https:\/\/api.w.org\/{rel}","templated":true}]}}