{"id":46372,"date":"2020-04-10T11:19:36","date_gmt":"2020-04-10T11:19:36","guid":{"rendered":"http:\/\/scandinavia.life\/allas-megszerzese-daniaban-2\/"},"modified":"2022-01-29T17:04:00","modified_gmt":"2022-01-29T17:04:00","slug":"allas-megszerzese-daniaban-2","status":"publish","type":"post","link":"https:\/\/scandinavia.life\/hu\/allas-megszerzese-daniaban-2\/","title":{"rendered":"\u00c1ll\u00e1s megszerz\u00e9se D\u00e1ni\u00e1ban"},"content":{"rendered":"\n<p class=\"wp-block-paragraph\">D\u00e1nia v\u00e1ltozatos munkalehet\u0151s\u00e9geket k\u00edn\u00e1l \u00e1llampolg\u00e1rai \u00e9s k\u00fclf\u00f6ldiek sz\u00e1m\u00e1ra. Szak\u00e9rtelm\u00e9t\u0151l f\u00fcgg\u0151en ak\u00e1r professzion\u00e1lis, ak\u00e1r nem szakmai munk\u00e1t kaphat D\u00e1ni\u00e1ban, mindaddig, am\u00edg hajland\u00f3 elk\u00f6telezni mag\u00e1t. \u00c9rdekes m\u00f3don D\u00e1nia <a href=\"https:\/\/www.averagesalarysurvey.com\/denmark\">viszonylag kedvez\u0151 \u00f3rad\u00edjakat<\/a> \u00e9s rugalmas \u00e1ll\u00e1sokat k\u00edn\u00e1l. Ak\u00e1r hivat\u00e1sos, ak\u00e1r nem hivat\u00e1sos foglalkoztat\u00e1sr\u00f3l van sz\u00f3, tov\u00e1bbra is t\u00f6bb \u00e1ll\u00e1st v\u00e1llalhat, am\u00edg nincs egym\u00e1snak ellentmond\u00f3 beoszt\u00e1sa. <\/p>\n\n<h2 class=\"wp-block-heading\">D\u00e1n Munkaer\u0151piac <\/h2>\n\n<p class=\"wp-block-paragraph\"><a href=\"https:\/\/scandinavia.life\/hu\/miert-erdemes-a-kitelepulteknek-daniat-valasztani\/\">K\u00fclf\u00f6ldik\u00e9nt D\u00e1ni\u00e1ban<\/a> j\u00f3 azonnal tudni, hogy egyetlen munk\u00e1ltat\u00f3 sem sz\u00f3rakoztatja el a nemteljes\u00edt\u00e9st vagy a munkahelyi k\u00e9s\u00e9st. Ism\u00e9t meg kell mutatnia a legjobb k\u00e9pess\u00e9geit, \u00e9s el kell nyernie a munk\u00e1ltat\u00f3k bizalm\u00e1t. Ezt szem el\u0151tt tartva mindig biztos lehet abban, hogy munk\u00e1t kap. <\/p>\n\n<p class=\"wp-block-paragraph\">A D\u00e1ni\u00e1ban elhelyezni k\u00edv\u00e1nt munka jelleg\u00e9t\u0151l f\u00fcgg\u0151en a d\u00e1n nyelv\u0171 kommunik\u00e1ci\u00f3 sz\u00fcks\u00e9gess\u00e9ge lehet, de lehet, hogy nem. Az \u00fcgyfelekkel val\u00f3 rendszeres kapcsolattart\u00e1st ig\u00e9nyl\u0151 munk\u00e1kn\u00e1l nyilv\u00e1nval\u00f3an legal\u00e1bb d\u00e1n nyelvtud\u00e1s sz\u00fcks\u00e9ges. Az egyetlen h\u00e1tr\u00e1nya, amellyel szembes\u00fclhet, ha nem tud d\u00e1nul, hogy a legt\u00f6bb \u00e1ll\u00e1st val\u00f3j\u00e1ban d\u00e1nul hirdetik meg, \u00e9s csak n\u00e9h\u00e1nyat angolul. Val\u00f3sz\u00edn\u0171leg ennek a nyelvi akad\u00e1lynak a lek\u00fczd\u00e9s\u00e9hez \u00fatmutat\u00e1st kell k\u00e9rnie egy d\u00e1nul besz\u00e9l\u0151 szem\u00e9lyt\u0151l, vagy mindig ford\u00edt\u00e1shoz kell folyamodnia, ami biztosan neh\u00e9zkes folyamat lehet.<\/p>\n\n<h2 class=\"wp-block-heading\">Mi v\u00e1rhat\u00f3 <\/h2>\n\n<p class=\"wp-block-paragraph\">D\u00e1ni\u00e1ban \u00e1ll\u00e1skeres\u0151k\u00e9nt \u00e9rdekelheti, hogyan m\u0171k\u00f6dik a munkaer\u0151piac, \u00e9s milyen elv\u00e1r\u00e1sok vannak veled szemben. Ennek az aggodalomnak a megv\u00e1laszol\u00e1s\u00e1hoz tiszt\u00e1ban kell lennie azzal, hogy minden munk\u00e1ltat\u00f3nak k\u00fcl\u00f6n munkak\u00f6ri le\u00edr\u00e1sa \u00e9s a szerz\u0151d\u00e9ses dokumentumokban tal\u00e1lhat\u00f3 r\u00e9szletek tal\u00e1lhat\u00f3k. D\u00e1ni\u00e1ban nincs minimum munkaer\u0151-piaci jogszab\u00e1ly, ami azt jelenti, hogy nincsenek egy\u00e9rtelm\u0171en meghat\u00e1rozott minim\u00e1lb\u00e9rek. A d\u00e1n \u00fcnnepekr\u0151l sz\u00f3l\u00f3 t\u00f6rv\u00e9ny, a d\u00e1n munkaszerz\u0151d\u00e9sr\u0151l sz\u00f3l\u00f3 t\u00f6rv\u00e9ny, az egyenl\u0151 b\u00e1n\u00e1sm\u00f3dr\u00f3l sz\u00f3l\u00f3 d\u00e1n t\u00f6rv\u00e9ny, valamint a betegs\u00e9g vagy sz\u00fcl\u0151i szabads\u00e1g ut\u00e1ni juttat\u00e1sokr\u00f3l sz\u00f3l\u00f3 d\u00e1n t\u00f6rv\u00e9ny azonban bizonyos vonatkoz\u00e1s\u00fa rendelkez\u00e9seket \u00edr el\u0151. <\/p>\n\n<h2 class=\"wp-block-heading\">Szak\u00e9rt\u0151hi\u00e1nnyal k\u00fczd\u0151 \u00e1gazatok D\u00e1ni\u00e1ban.<\/h2>\n\n<p class=\"wp-block-paragraph\">B\u00e1r \u00d6nnek lehet\u0151s\u00e9ge van arra, hogy k\u00fclf\u00f6ldik\u00e9nt b\u00e1rmikor munk\u00e1t kapjon D\u00e1ni\u00e1ban, mindig j\u00f3 tudni, hogy kompetenci\u00e1ja azokon az \u00e1gazatokon bel\u00fcl van-e, amelyekre \u00e9get\u0151 sz\u00fcks\u00e9g van. Ez azt jelenti, hogy nagy es\u00e9lye van arra, hogy j\u00f3 \u00e1ll\u00e1st kapjon, \u00e9s az \u00e1ltaluk k\u00edn\u00e1lt foglalkoztat\u00e1si csomagt\u00f3l f\u00fcgg\u0151en sz\u00e1mos munk\u00e1ltat\u00f3 k\u00f6z\u00fcl v\u00e1laszthat. <a href=\"https:\/\/www.makevisas.com\/denmark-immigration\/denmark-occupation-list\/\">D\u00e1ni\u00e1ban egyes \u00e1gazatok szakemberhi\u00e1nnyal k\u00fcszk\u00f6dnek,<\/a> ami miatt a legjobbat tudja ny\u00fajtani ezekben az \u00e1gazatokban. <\/p>\n\n<p class=\"wp-block-paragraph\">D\u00e1ni\u00e1ban n\u00e9h\u00e1ny olyan \u00e1gazat, ahol nagy sz\u00fcks\u00e9g van munkav\u00e1llal\u00f3kra: <\/p>\n\n<ul class=\"wp-block-list\"><li><em>AZT<\/em><\/li><li><em>\u00c9lettudom\u00e1nyi<\/em><\/li><li><em>Orvosi \u00e9s eg\u00e9szs\u00e9g\u00fcgyi szolg\u00e1ltat\u00e1sok<\/em><\/li><li><em>M\u00e9rn\u00f6ki<\/em><\/li><\/ul>\n\n<p class=\"wp-block-paragraph\">Biztosan vigasztalja, hogy a d\u00e1n munkaer\u0151piac, b\u00e1r versenyk\u00e9pes, nagyon vonz\u00f3 a m\u00e9rn\u00f6ki, informatikai \u00e9s term\u00e9szettudom\u00e1nyos ismeretekkel rendelkez\u0151k sz\u00e1m\u00e1ra. Az ilyen munk\u00e1k kukrat\u00edv fizet\u00e9ssel, vonz\u00f3 juttat\u00e1si csomagokkal \u00e9s j\u00f3 karrierlehet\u0151s\u00e9gekkel j\u00e1rnak. De ezek megszerz\u00e9s\u00e9hez szigor\u00faan bizony\u00edtania kell, hogy \u00d6n b\u00e1rmikor a megfelel\u0151 jel\u00f6lt a munk\u00e1ra. <\/p>\n\n<h2 class=\"wp-block-heading\">Tippek a d\u00e1niai munk\u00e1hoz<\/h2>\n\n<ul class=\"wp-block-list\"><li>K\u00fcl\u00f6nf\u00e9le j\u00f3v\u00e1hagyott webhelyek \u00e1llnak rendelkez\u00e9sre, ahol profilt k\u00e9sz\u00edthet, csatolhat minden al\u00e1t\u00e1maszt\u00f3 dokumentumot, \u00e9s felhaszn\u00e1lhatja az \u00d6n sz\u00e1m\u00e1ra megfelel\u0151 alkalmaz\u00e1sok elk\u00e9sz\u00edt\u00e9s\u00e9hez. Mindig figyelnie kell az ilyen port\u00e1lokat, \u00e9s olyan \u00e1ll\u00e1sokra kell jelentkeznie, amelyekr\u0151l meggy\u0151z\u0151d\u00e9se, hogy megfelel szenved\u00e9ly\u00e9nek \u00e9s k\u00e9pess\u00e9geinek.<\/li><li>B\u00e1rmikor vakon p\u00e1ly\u00e1zhat egy olyan szervezethez, amelyben szenved\u00e9lyesen dolgozik. A vak jelentkez\u00e9s ebben az \u00e9rtelemben azt jelenti, hogy csak egy r\u00f6vid megjegyz\u00e9st kell k\u00fcldenie, amelyben bemutatkozik \u00e9s \u00e9rdekl\u0151dik a c\u00e9g ir\u00e1nt, majd csatolja \u00f6n\u00e9letrajz\u00e1t. Soha nem tudhatja, hogy j\u00f3ban van, amikor az alkalmazott szinte hozz\u00e1d hasonl\u00f3t keresett. <\/li><li>A p\u00e1ly\u00e1zatokat prec\u00edzen, r\u00f6viden \u00e9s szem\u00e9lyre szabottan kell elk\u00e9sz\u00edtenie. Senkinek sincs ideje \u00e1tolvasni egy \u00d6nr\u0151l sz\u00f3l\u00f3 inform\u00e1ci\u00f3s f\u00fczetet. Tegye \u00f6n\u00e9letrajz\u00e1t sokat besz\u00e9l\u0151 \u00d6nr\u0151l, de legyen nagyon gazdas\u00e1gos a felhaszn\u00e1lt hely mennyis\u00e9g\u00e9t illet\u0151en. Az alkalmaz\u00e1sokban l\u00e9v\u0151 szem\u00e9t csak n\u00f6veli annak es\u00e9ly\u00e9t, hogy elszalasszon egy olyan lehet\u0151s\u00e9get, amely egy\u00e9bk\u00e9nt az \u00d6n\u00e9 volt, ha r\u00f6vid maradt az alkalmaz\u00e1sban. <\/li><li>Amikor megh\u00edvnak egy interj\u00fara, az nyilv\u00e1nval\u00f3an azt jelenti, hogy m\u00e1r csak p\u00e1r centire van att\u00f3l, hogy megkapja \u00e1lmai munk\u00e1j\u00e1t, \u00e9s nem mulaszthatja el, hogy felk\u00e9sz\u00fclj\u00f6n r\u00e1. A d\u00e1n c\u00e9gek mindig t\u00f6bb interj\u00fat folytatnak, miel\u0151tt v\u00e9g\u00fcl r\u00e1d sz\u00e1llnak. Ez azt jelenti, hogy bizonyos dolgoknak k\u00e9zn\u00e9l kell lenni\u00fck. P\u00e9ld\u00e1ul \u00e1lljon k\u00e9szen arra, hogy v\u00e1laszoljon n\u00e9h\u00e1ny technikai k\u00e9rd\u00e9sre \u00e9s \u00e1ltal\u00e1nos szakmai know-how-j\u00e1ra, besz\u00e9ljen \u00f6nmag\u00e1r\u00f3l, mint szem\u00e9lyr\u0151l. Legyen r\u00e1 p\u00e9lda, \u00e9s legyen k\u00e9szen elmes\u00e9lni sikert\u00f6rt\u00e9neteit. <\/li><\/ul>\n\n<h2 class=\"wp-block-heading\">\u00c1ll\u00e1shirdet\u00e9si webhelyek D\u00e1ni\u00e1ban <\/h2>\n\n<p class=\"wp-block-paragraph\">K\u00fclf\u00f6ldik\u00e9nt, aki D\u00e1ni\u00e1ban keres munk\u00e1t, mindig ellen\u0151riznie kell az \u00e1ll\u00e1shirdet\u00e9seket olyan adatb\u00e1zisokban, mint a <a href=\"https:\/\/www.jobindex.dk\/\">Jobindex.dk<\/a> \u00e9s a <a href=\"https:\/\/www.workindenmark.dk\/\">WorkinDenmark.dk<\/a> . <\/p>\n\n<p class=\"wp-block-paragraph\">A d\u00e1niai munka\u00fcgyi k\u00f6zpontok szint\u00e9n kulcsfontoss\u00e1g\u00fa forr\u00e1sok, amelyek seg\u00edts\u00e9g\u00e9vel D\u00e1ni\u00e1ban munk\u00e1t szerezhet. A munka\u00fcgyi k\u00f6zpont f\u0151 feladata, hogy seg\u00edtsen megtal\u00e1lni az \u00e1ll\u00e1skeres\u00e9st az\u00e1ltal, hogy olyan fontos dolgokat k\u00edn\u00e1l, mint p\u00e9ld\u00e1ul a seg\u00edts\u00e9gny\u00fajt\u00e1s;<\/p>\n\n<ul class=\"wp-block-list\"><li><em>K\u00e9pess\u00e9geinek fejleszt\u00e9se.<\/em><\/li><li><em>A h\u00e1l\u00f3zat b\u0151v\u00edt\u00e9se.<\/em><\/li><li><em>Relev\u00e1ns munkatapasztalat megszerz\u00e9se.<\/em><\/li><li><em>P\u00e1ly\u00e1zatainak \u00e9s \u00f6n\u00e9letrajz\u00e1nak jav\u00edt\u00e1sa.<\/em><\/li><\/ul>\n\n<p class=\"wp-block-paragraph\">Rem\u00e9lj\u00fck hasznosnak tal\u00e1lta ezt a cikket. K\u00e9rj\u00fck, ossza meg m\u00e1sokkal. Hasznos lehet <a href=\"https:\/\/scandinavia.life\/hu\/tartozkodasi-engedely-dania\/\">a d\u00e1niai tart\u00f3zkod\u00e1si enged\u00e9lyr\u0151l sz\u00f3l\u00f3<\/a> cikk\u00fcnk is.<\/p>\n","protected":false},"excerpt":{"rendered":"<p>D\u00e1nia v\u00e1ltozatos munkalehet\u0151s\u00e9geket k\u00edn\u00e1l \u00e1llampolg\u00e1rai \u00e9s k\u00fclf\u00f6ldiek sz\u00e1m\u00e1ra. Szak\u00e9rtelm\u00e9t\u0151l f\u00fcgg\u0151en ak\u00e1r professzion\u00e1lis, ak\u00e1r nem szakmai munk\u00e1t kaphat D\u00e1ni\u00e1ban, mindaddig, am\u00edg hajland\u00f3 elk\u00f6telezni mag\u00e1t. \u00c9rdekes m\u00f3don D\u00e1nia viszonylag kedvez\u0151 \u00f3rad\u00edjakat \u00e9s rugalmas \u00e1ll\u00e1sokat k\u00edn\u00e1l. Ak\u00e1r hivat\u00e1sos, ak\u00e1r nem hivat\u00e1sos foglalkoztat\u00e1sr\u00f3l van sz\u00f3, tov\u00e1bbra is t\u00f6bb \u00e1ll\u00e1st v\u00e1llalhat, am\u00edg nincs egym\u00e1snak ellentmond\u00f3 beoszt\u00e1sa. D\u00e1n Munkaer\u0151piac K\u00fclf\u00f6ldik\u00e9nt D\u00e1ni\u00e1ban<\/p>\n","protected":false},"author":1,"featured_media":35857,"comment_status":"closed","ping_status":"closed","sticky":false,"template":"","format":"standard","meta":{"footnotes":""},"categories":[24754,24425,24404],"tags":[26397,26393,25049,26400],"class_list":["post-46372","post","type-post","status-publish","format-standard","has-post-thumbnail","hentry","category-dania-hu","category-mozgo","category-munka","tag-allashirdetes","tag-kepesseghiany","tag-munkapiac","tag-tippek-az-allasszerzeshez"],"_links":{"self":[{"href":"https:\/\/scandinavia.life\/hu\/wp-json\/wp\/v2\/posts\/46372","targetHints":{"allow":["GET"]}}],"collection":[{"href":"https:\/\/scandinavia.life\/hu\/wp-json\/wp\/v2\/posts"}],"about":[{"href":"https:\/\/scandinavia.life\/hu\/wp-json\/wp\/v2\/types\/post"}],"author":[{"embeddable":true,"href":"https:\/\/scandinavia.life\/hu\/wp-json\/wp\/v2\/users\/1"}],"replies":[{"embeddable":true,"href":"https:\/\/scandinavia.life\/hu\/wp-json\/wp\/v2\/comments?post=46372"}],"version-history":[{"count":0,"href":"https:\/\/scandinavia.life\/hu\/wp-json\/wp\/v2\/posts\/46372\/revisions"}],"wp:featuredmedia":[{"embeddable":true,"href":"https:\/\/scandinavia.life\/hu\/wp-json\/wp\/v2\/media\/35857"}],"wp:attachment":[{"href":"https:\/\/scandinavia.life\/hu\/wp-json\/wp\/v2\/media?parent=46372"}],"wp:term":[{"taxonomy":"category","embeddable":true,"href":"https:\/\/scandinavia.life\/hu\/wp-json\/wp\/v2\/categories?post=46372"},{"taxonomy":"post_tag","embeddable":true,"href":"https:\/\/scandinavia.life\/hu\/wp-json\/wp\/v2\/tags?post=46372"}],"curies":[{"name":"wp","href":"https:\/\/api.w.org\/{rel}","templated":true}]}}