{"id":50057,"date":"2020-08-14T08:41:49","date_gmt":"2020-08-14T08:41:49","guid":{"rendered":"http:\/\/scandinavia.life\/goteborg-1-2-3-expat-gyors-utmutato\/"},"modified":"2025-07-01T09:06:01","modified_gmt":"2025-07-01T09:06:01","slug":"goteborg-1-2-3-expat-gyors-utmutato","status":"publish","type":"post","link":"https:\/\/scandinavia.life\/hu\/goteborg-1-2-3-expat-gyors-utmutato\/","title":{"rendered":"G\u00f6teborg 1-2-3 Expat Gyors \u00fatmutat\u00f3"},"content":{"rendered":"\n<p class=\"wp-block-paragraph\">Ebben az \u00e1tfog\u00f3, de t\u00f6m\u00f6r\u00edtett gyors \u00fatmutat\u00f3ban megtudhatja G\u00f6teborg alapjait, hol lehet lak\u00e1st \u00e9s munk\u00e1t tal\u00e1lni.<\/p>\n\n<h2 class=\"wp-block-heading\">El\u0151sz\u00f6r is n\u00e9h\u00e1ny gyors t\u00e9ny<\/h2>\n\n<p class=\"wp-block-paragraph\">Sv\u00e9dorsz\u00e1g nyugati partj\u00e1n tal\u00e1lhat\u00f3 G\u00f6teborg; egy v\u00e1ros, amely mindenkinek nagyszer\u0171 vend\u00e9gszeretetet, nagyszer\u0171s\u00e9get \u00e9s minden \u00e9rtelemben soksz\u00edn\u0171s\u00e9get k\u00edn\u00e1l. <\/p>\n\n<p class=\"wp-block-paragraph\">G\u00f6teborg, amely ma a harmadik legnagyobb Sv\u00e9dorsz\u00e1gban, hossz\u00fa m\u00faltra tekint vissza, amikor II. Guszt\u00e1v Adolf kir\u00e1ly 1621-ben alap\u00edtotta. V\u00e1ltoz\u00e1sok sorozata r\u00e9v\u00e9n a v\u00e1ros horg\u00e1szk\u00f6zpontb\u00f3l rendk\u00edv\u00fcl modern metropolissz\u00e1 n\u0151tte ki mag\u00e1t, amely vonzza a szezon\u00e1lis turist\u00e1kat. <\/p>\n\n<p class=\"wp-block-paragraph\">Val\u00f3j\u00e1ban a luxusaut\u00f3, a Volvo gy\u00e1rt\u00e1sa G\u00f6teborgban kezd\u0151d\u00f6tt. Mindegy, hogy r\u00f6vid l\u00e1togat\u00e1sra vagy hosszabb tart\u00f3zkod\u00e1sra v\u00e1gyik G\u00f6teborgban , minden bizonnyal meg\u00e9ri az izgalmat. A v\u00e1rost Sv\u00e9dorsz\u00e1g kulin\u00e1ris f\u0151v\u00e1rosak\u00e9nt cs\u00fafolj\u00e1k, \u00e9s finom \u00e9ttermek sz\u00e9les sk\u00e1l\u00e1ja k\u00f6z\u00fcl v\u00e1laszthat. <\/p>\n\n<p class=\"wp-block-paragraph\">A Golf-\u00e1ramlat hat\u00e1s\u00e1ra a v\u00e1ros felett jellemz\u0151 h\u0151m\u00e9rs\u00e9klet febru\u00e1rban nem cs\u00f6kken \u20133\u00b0C al\u00e1, de j\u00faliusban ny\u00e1ron \u00e1tlagosan +21\u00b0C-ra emelkedhet. <\/p>\n\n<p class=\"wp-block-paragraph\">Tekintse meg cikk\u00fcnket arr\u00f3l, <a href=\"https:\/\/scandinavia.life\/hu\/tulelni-a-skandinav-telet\/\">hogyan \u00e9lj\u00fck t\u00fal a sv\u00e9d telet<\/a> .<\/p>\n\n<h2 class=\"wp-block-heading\">L\u00e1tnival\u00f3k G\u00f6teborgban<\/h2>\n\n<p class=\"wp-block-paragraph\">Szinte ezer \u00e9s egy oka van annak, hogy G\u00f6teborgot k\u00f6telez\u0151 ell\u00e1togatni mindenki sz\u00e1m\u00e1ra, aki k\u00e9szen \u00e1ll a teljes kalandra. A t\u00f6rt\u00e9nelmi l\u00e1tnival\u00f3kt\u00f3l kezdve a modernit\u00e1son, a kult\u00far\u00e1n, az \u00e9teleken \u00e9s a term\u00e9szeten sz\u00e1mos dolog egyed\u00fcl\u00e1ll\u00f3 k\u00edn\u00e1lattal rendelkezik az \u00d6n sz\u00e1m\u00e1ra. Val\u00f3j\u00e1ban az, aki csak egy napra szeretn\u00e9 megtapasztalni a v\u00e1rost, tal\u00e1l okot arra, hogy tov\u00e1bb maradjon. <\/p>\n\n<p class=\"wp-block-paragraph\">Ha valaki szereti a m\u0171v\u00e9szetet, a v\u00e1rosban a G\u00f6teborg M\u0171v\u00e9szeti M\u00fazeum a megfelel\u0151 hely. A m\u00fazeum gal\u00e9ri\u00e1it j\u00f3l szeg\u00e9lyezik \u00e9vsz\u00e1zados \u00e9szaki gy\u0171jtem\u00e9nyek. Azt is teljes\u00edtheti v\u00e1gy\u00e1t, hogy \u00e9lvezze a Haga konyha gy\u0171jtem\u00e9ny\u00e9t. <\/p>\n\n<h3 class=\"wp-block-heading\">A g\u00f6teborgi szigetcsoport<\/h3>\n\n<p class=\"wp-block-paragraph\">A <a href=\"https:\/\/thatadventurer.co.uk\/gothenburg-archipelago\/\">g\u00f6teborgi szigetvil\u00e1gba<\/a> tett kir\u00e1ndul\u00e1s \u00e9rt\u00e9kes \u00e9lm\u00e9ny lesz az \u00d6n sz\u00e1m\u00e1ra. <\/p>\n\n<p class=\"wp-block-paragraph\">A szigetcsoport fest\u0151i kil\u00e1t\u00e1st ny\u00fajt a hal\u00e1szfalvakra \u00e9s a szikl\u00e1kra. K\u00edv\u00e1ncsi vagy, hogyan juthatsz el a szigetcsoportba \u00e9s G\u00f6teborg k\u00f6rny\u00e9k\u00e9re? Akkor ne agg\u00f3dj tov\u00e1bb. <\/p>\n\n<p class=\"wp-block-paragraph\">A v\u00e1rosban rendelkez\u00e9sre \u00e1ll\u00f3 v\u00edzi utak a legjobb es\u00e9lyeket k\u00edn\u00e1lj\u00e1k arra, hogy gyakorlatilag minden helysz\u00ednt el\u00e9rjenek. K\u00f6nnyed\u00e9n ig\u00e9nybe veheti a v\u00e1rosban el\u00e9rhet\u0151 v\u00edzi k\u00f6zleked\u00e9si eszk\u00f6z\u00f6k b\u00e1rmelyik\u00e9t, bele\u00e9rtve a kajakot, a paddle-deszk\u00e1t, az Ocean Bus-t vagy a Paddan-t.<\/p>\n\n<p class=\"wp-block-paragraph\">Haszn\u00e1lhatja a <a href=\"https:\/\/gotheborg.com\/project\/project_introduction.shtml\">sv\u00e9d G\u00f6theborg haj\u00f3t<\/a> is, amely az 1700-as \u00e9vekben G\u00f6teborg mellett els\u00fcllyedt kelet-indiait ut\u00e1nozza. <\/p>\n\n<h3 class=\"wp-block-heading\">Universeum <\/h3>\n\n<p class=\"wp-block-paragraph\">Ha valaki csak szeretn\u00e9 megtapasztalni a kapcsolatot a term\u00e9szeti k\u00f6rnyezettel, az <a href=\"https:\/\/www.universeum.se\/en\/\">Universeum<\/a> es\u0151erd\u0151inek felfedez\u00e9se nagyban teljes\u00edti ezt. <\/p>\n\n<p class=\"wp-block-paragraph\">Az univerzum egy hatalmas akv\u00e1riumnak, valamint k\u00fcl\u00f6nf\u00e9le \u00e1llatoknak \u00e9s n\u00f6v\u00e9nyeknek ad otthont. <\/p>\n\n<h3 class=\"wp-block-heading\">Skansen Kronan<\/h3>\n\n<p class=\"wp-block-paragraph\">\u00c9rdekes lehet G\u00f6teborg v\u00e1ros\u00e1nak fest\u0151i kil\u00e1t\u00e1sa a Skansen Kronanr\u00f3l is . <\/p>\n\n<p class=\"wp-block-paragraph\">Az 1690-es \u00e9vekben \u00e9p\u00fclt er\u0151d Hag\u00e1ban tal\u00e1lhat\u00f3, \u00e9s panor\u00e1m\u00e1s kil\u00e1t\u00e1st ny\u00fajt a v\u00e1rosra \u00e9s k\u00f6rny\u00e9k\u00e9re. <\/p>\n\n<p class=\"wp-block-paragraph\">K\u00fcl\u00f6nf\u00e9le tev\u00e9kenys\u00e9gekre, p\u00e9ld\u00e1ul b\u00f6rt\u00f6nre, ideiglenes lak\u00f3helyre \u00e9s m\u00fazeumra haszn\u00e1lt\u00e1k. Ez a legjobb pont, ahonnan felt\u00e9rk\u00e9pezheti G\u00f6teborg v\u00e1ros\u00e1t. <\/p>\n\n<h2 class=\"wp-block-heading\">Lak\u00e1s G\u00f6teborg v\u00e1ros\u00e1ban<\/h2>\n\n<p class=\"wp-block-paragraph\">Ak\u00e1r r\u00f6vid t\u00e1v\u00fa l\u00e1togat\u00f3k\u00e9nt, ak\u00e1r hosszabb tart\u00f3zkod\u00e1sk\u00e9nt \u00e9rkezik G\u00f6teborg v\u00e1ros\u00e1ba, mindig van egy megfelel\u0151 sz\u00e1ll\u00e1s az \u00d6n sz\u00e1m\u00e1ra. <\/p>\n\n<p class=\"wp-block-paragraph\">G\u00f6teborgban sz\u00e1mos <a href=\"http:\/\/city-apartment-hotel.gothenburg-hotels.com\/en\/\">sz\u00e1lloda<\/a> tal\u00e1lhat\u00f3, amelyek megfelelnek az \u00d6n elv\u00e1r\u00e1sainak, preferenci\u00e1it\u00f3l \u00e9s p\u00e9nzt\u00e1rc\u00e1j\u00e1t\u00f3l f\u00fcgg\u0151en. J\u00f3l felszereltek, minden sz\u00fcks\u00e9ges kieg\u00e9sz\u00edt\u0151 szolg\u00e1ltat\u00e1s el\u00e9rhet\u0151 k\u00f6zels\u00e9gben. <\/p>\n\n<p class=\"wp-block-paragraph\">El\u00e9g gyorsan meg kell n\u00e9znie a rendelkez\u00e9sre \u00e1ll\u00f3 sz\u00e1ll\u00e1sokat, mivel a lak\u00e1sb\u00e9rl\u00e9s Sv\u00e9dorsz\u00e1g eg\u00e9sz\u00e9ben gyakran bonyolultabb, mint a legt\u00f6bb skandin\u00e1v orsz\u00e1gban. <\/p>\n\n<p class=\"wp-block-paragraph\">Az \u00d6n \u00e9bers\u00e9ge seg\u00edt abban, hogy egy j\u00f3 h\u00e1zat felszereljen a sz\u00fcks\u00e9ges felszerel\u00e9sekkel, p\u00e9ld\u00e1ul mosogat\u00f3g\u00e9ppel, h\u0171t\u0151szekr\u00e9nnyel \u00e9s f\u0171t\u00e9si rendszerrel. <\/p>\n\n<p class=\"wp-block-paragraph\">Ha hossz\u00fa t\u00e1von tart\u00f3zkodik G\u00f6teborg v\u00e1ros\u00e1ban, akkor val\u00f3sz\u00edn\u0171leg olyan h\u00e1zat szeretne tal\u00e1lni, amely strat\u00e9giai helyen tal\u00e1lhat\u00f3, k\u00f6zel a nyilv\u00e1nos szolg\u00e1ltat\u00e1sokhoz, p\u00e9ld\u00e1ul buszmeg\u00e1ll\u00f3khoz, vas\u00fathoz \u00e9s \u00fczletekhez. <\/p>\n\n<p class=\"wp-block-paragraph\">A lakhat\u00e1s kiv\u00e1laszt\u00e1sa nagym\u00e9rt\u00e9kben meghat\u00e1rozza a v\u00e1rosban szerzett \u00e1ltal\u00e1nos tapasztalatait. K\u00fcl\u00f6nf\u00e9le lakhat\u00e1si webhelyek tal\u00e1lhat\u00f3k, amelyekhez fordulhat, \u00e9s biztosan megtal\u00e1lja a megfelel\u0151 lak\u00e1st. <\/p>\n\n<p class=\"wp-block-paragraph\">Ezen webhelyek k\u00f6z\u00e9 tartozik a <a href=\"https:\/\/www.bostaddirekt.com\/\">Bostaddirekt<\/a> , a <a href=\"https:\/\/www.residensportalen.com\/\">Residensportalen<\/a> , a <a href=\"https:\/\/www.housingtarget.com\/sweden\">Housingtarget<\/a> , a Qasa \u00e9s a Findroommate . Ha tud d\u00e1nul, akkor <a href=\"https:\/\/www.hyresbostad.se\/\">Hyresbostadban<\/a> , <a href=\"http:\/\/www.andrahand.se\/\">Andrahandban<\/a> , <a href=\"https:\/\/www.bostadsdeal.se\/\">Bostadsdealban<\/a> \u00e9s Hyraly\u00e1ban is megtekintheti a sz\u00e1ll\u00e1saj\u00e1nlatokat.<\/p>\n\n<h2 class=\"wp-block-heading\">Munkav\u00e1llal\u00e1s G\u00f6teborgban<\/h2>\n\n<p class=\"wp-block-paragraph\">G\u00f6teborgban nem olyan neh\u00e9z munk\u00e1t tal\u00e1lni, ha megfelel\u0151 eszk\u00f6z\u00f6ket haszn\u00e1l. <a href=\"https:\/\/scandinavia.life\/hu\/munka-skandinaviaban\/\">Ezen az oldalon megtekintheti saj\u00e1t \u00e1ll\u00e1sport\u00e1lunkat<\/a> is.<\/p>\n\n<h3 class=\"wp-block-heading\">Karrier mez\u0151k <\/h3>\n\n<p class=\"wp-block-paragraph\">G\u00f6teborg helyi gazdas\u00e1ga nagyr\u00e9szt a kereskedelemre \u00e9s a tengeri tev\u00e9kenys\u00e9gekre t\u00e1maszkodik. A g\u00f6teborgi kik\u00f6t\u0151 megk\u00f6nny\u00edti a nemzetk\u00f6zi kereskedelmet \u00e9s a haj\u00f3z\u00e1st, amelyet Skandin\u00e1via k\u00f6zep\u00e9n elhelyezked\u0151 fekv\u00e9se is t\u00e1mogat. <\/p>\n\n<p class=\"wp-block-paragraph\">A t\u00f6bbi ter\u00fclet, ahol k\u00f6nnyen elhelyezkedhet, az az aut\u00f3ipar, a vend\u00e9gl\u00e1t\u00e1s \u00e9s a turizmus, a technol\u00f3gia, a bankszektor \u00e9s a p\u00e9nz\u00fcgy. M\u00e1s \u00e1ll\u00e1sok is el\u00e9rhet\u0151k olyan ter\u00fcleteken, mint az inform\u00e1ci\u00f3s kommunik\u00e1ci\u00f3s technol\u00f3gia, az eg\u00e9szs\u00e9g\u00fcgy \u00e9s az \u00e9lettudom\u00e1nyok. <\/p>\n\n<h3 class=\"wp-block-heading\">Nyelvi k\u00f6vetelm\u00e9nyek <\/h3>\n\n<p class=\"wp-block-paragraph\">\u00c1ltal\u00e1ban G\u00f6teborgban tal\u00e1lsz munk\u00e1t angolul besz\u00e9l\u0151k\u00e9nt. Az egyetlen dolog, hogy foly\u00e9konyan kell tudnia haszn\u00e1lni az angol nyelvet \u00edr\u00e1sban \u00e9s kommunik\u00e1ci\u00f3ban a munka megk\u00f6nny\u00edt\u00e9se \u00e9rdek\u00e9ben. <\/p>\n\n<p class=\"wp-block-paragraph\">Mindazon\u00e1ltal a munkak\u00f6rnyezetben annyi sv\u00e9d\u00fcl besz\u00e9lnek, ami azt jelenti, hogy nyilv\u00e1nval\u00f3an kih\u00edv\u00e1st jelent a nyelvtanul\u00e1s. Egyes munk\u00e1ltat\u00f3k ism\u00e9telten egy\u00e9rtelm\u0171ek lehetnek abban, hogy csak a sv\u00e9d\u00fcl besz\u00e9l\u0151ket r\u00e9szes\u00edtik el\u0151nyben. <\/p>\n\n<p class=\"wp-block-paragraph\">A sv\u00e9d tanul\u00e1s fontos <a href=\"https:\/\/scandinavia.life\/hu\/a-nyelvi-akadaly\/\">plusz el\u0151nyt jelent<\/a> a munkav\u00e1llal\u00e1shoz, de az angol is j\u00f3 kiindul\u00f3pont. <\/p>\n\n<h3 class=\"wp-block-heading\">Munkahelyek G\u00f6teborgban<\/h3>\n\n<p class=\"wp-block-paragraph\">Az <a href=\"https:\/\/careers.movetogothenburg.com\/\">\u00e1ll\u00e1skeres\u00e9si<\/a> csatorn\u00e1k diverzifik\u00e1l\u00e1sa a legnagyobb var\u00e1zslat lehet sz\u00e1modra, mint emigr\u00e1ns. Nem hagyatkozhatsz csak egy \u00fatra az \u00e1ll\u00e1s megszerz\u00e9s\u00e9hez. Ehelyett kombin\u00e1lja a h\u00e1l\u00f3zat\u00e9p\u00edt\u00e9st, a munkater\u00fcleteket \u00e9s a nyomtatott m\u00e9di\u00e1t, hogy jav\u00edtsa az elhelyezked\u00e9si es\u00e9lyeit. <\/p>\n\n<p class=\"wp-block-paragraph\">Hiszen ha egyszerre t\u00f6bb aj\u00e1nlata is van, akkor a felt\u00e9telek \u00e9s felt\u00e9telek alapj\u00e1n sokf\u00e9le k\u00f6z\u00fcl v\u00e1laszthat. Miut\u00e1n kiv\u00e1lasztotta a k\u00edv\u00e1ntat, a t\u00f6bbit k\u00f6nnyen visszautas\u00edthatja udvariasan, mert k\u00e9s\u0151bb is sz\u00fcks\u00e9ge lehet a munk\u00e1ltat\u00f3ra. <\/p>\n\n<p class=\"wp-block-paragraph\">Soha ne l\u00e9gy \u00e9rz\u00e9ketlen az \u00e1ll\u00e1saj\u00e1nlatok visszautas\u00edt\u00e1sa sor\u00e1n, mert az \u00d6n profilj\u00e1t azok a munk\u00e1ltat\u00f3k \u0151rzik, amelyekhez jelentkeztek. <\/p>\n\n<p class=\"wp-block-paragraph\">L\u00e1togassa meg a <a href=\"http:\/\/www.arbetsformedlingen.se\/\">Sv\u00e9d \u00c1llami Foglalkoztat\u00e1si \u00dcgyn\u00f6ks\u00e9g<\/a> (Arbetsf\u00f6rmedlingen) weboldal\u00e1t vagy a <a href=\"http:\/\/www.hitta.se\/s%C3%B6k?vad=Arbetsf%C3%B6rmedlingen%20v%C3%A4stra%20g%C3%B6taland\">helyi irod\u00e1t<\/a> is, amely tan\u00e1csot \u00e9s t\u00e1mogat\u00e1st ny\u00fajt \u00d6nnek a v\u00e1rosban val\u00f3 elhelyezked\u00e9ssel kapcsolatban. <\/p>\n\n<h3 class=\"wp-block-heading\">Fizet\u00e9si m\u00e9rlegek G\u00f6teborgban<\/h3>\n\n<p class=\"wp-block-paragraph\">A munkab\u00e9rre vonatkoz\u00f3 korm\u00e1nyrendeleteknek megfelel\u0151en a szerz\u0151d\u00e9sben k\u00f6zlik v\u00e1rhat\u00f3 fizet\u00e9s\u00e9t. Hossz\u00fa t\u00e1v\u00fa munk\u00e1k eset\u00e9n fontos, hogy olyan szerz\u0151d\u00e9st k\u00f6ss\u00f6n, amelyben egy\u00e9rtelm\u0171en szerepel az \u00f3rad\u00edj, valamint az, hogy egy h\u00e9ten h\u00e1ny \u00f3r\u00e1t kell dolgoznia. <\/p>\n\n<p class=\"wp-block-paragraph\">Minden munkak\u00f6rnek meghat\u00e1rozott b\u00e9rszintje van, amelyet a munkaad\u00f3k \u00e9s a munkav\u00e1llal\u00f3i szakszervezetek egyeztetnek. K\u00fcl\u00f6nf\u00e9le t\u00e9nyez\u0151k, mint p\u00e9ld\u00e1ul a rang, a szak\u00e9rtelem \u00e9s a v\u00e9gzetts\u00e9g hat\u00e1rozz\u00e1k meg fizet\u00e9s\u00e9t. <\/p>\n\n<p class=\"wp-block-paragraph\">Ennek ellen\u00e9re havi 16 000-25 000 SEK meg\u00e9lhet\u00e9si b\u00e9rrel kell sz\u00e1molnia egy szolg\u00e1ltat\u00f3 vagy takar\u00edt\u00f3 iparban v\u00e9gzett munk\u00e1\u00e9rt. az alap- \u00e9s mesterk\u00e9pz\u00e9st ig\u00e9nyl\u0151 szakmai munk\u00e1k eset\u00e9n havi 35 000 SEK b\u00e9rt kell fizetni. <\/p>\n","protected":false},"excerpt":{"rendered":"<p>Ebben az \u00e1tfog\u00f3, de t\u00f6m\u00f6r\u00edtett gyors \u00fatmutat\u00f3ban megtudhatja G\u00f6teborg alapjait, hol lehet lak\u00e1st \u00e9s munk\u00e1t tal\u00e1lni. El\u0151sz\u00f6r is n\u00e9h\u00e1ny gyors t\u00e9ny Sv\u00e9dorsz\u00e1g nyugati partj\u00e1n tal\u00e1lhat\u00f3 G\u00f6teborg; egy v\u00e1ros, amely mindenkinek nagyszer\u0171 vend\u00e9gszeretetet, nagyszer\u0171s\u00e9get \u00e9s minden \u00e9rtelemben soksz\u00edn\u0171s\u00e9get k\u00edn\u00e1l. G\u00f6teborg, amely ma a harmadik legnagyobb Sv\u00e9dorsz\u00e1gban, hossz\u00fa m\u00faltra tekint vissza, amikor II. Guszt\u00e1v Adolf kir\u00e1ly 1621-ben<\/p>\n","protected":false},"author":1,"featured_media":36253,"comment_status":"closed","ping_status":"closed","sticky":false,"template":"","format":"standard","meta":{"footnotes":""},"categories":[24472,24812,24404],"tags":[26399,26338,24474,24470,24396,24539],"class_list":["post-50057","post","type-post","status-publish","format-standard","has-post-thumbnail","hentry","category-elo","category-goteborg-hu","category-munka","tag-allas-honlapok","tag-fizetes","tag-haz-weboldalak","tag-latnivalok","tag-munka","tag-nyelv"],"_links":{"self":[{"href":"https:\/\/scandinavia.life\/hu\/wp-json\/wp\/v2\/posts\/50057","targetHints":{"allow":["GET"]}}],"collection":[{"href":"https:\/\/scandinavia.life\/hu\/wp-json\/wp\/v2\/posts"}],"about":[{"href":"https:\/\/scandinavia.life\/hu\/wp-json\/wp\/v2\/types\/post"}],"author":[{"embeddable":true,"href":"https:\/\/scandinavia.life\/hu\/wp-json\/wp\/v2\/users\/1"}],"replies":[{"embeddable":true,"href":"https:\/\/scandinavia.life\/hu\/wp-json\/wp\/v2\/comments?post=50057"}],"version-history":[{"count":5,"href":"https:\/\/scandinavia.life\/hu\/wp-json\/wp\/v2\/posts\/50057\/revisions"}],"predecessor-version":[{"id":153773,"href":"https:\/\/scandinavia.life\/hu\/wp-json\/wp\/v2\/posts\/50057\/revisions\/153773"}],"wp:featuredmedia":[{"embeddable":true,"href":"https:\/\/scandinavia.life\/hu\/wp-json\/wp\/v2\/media\/36253"}],"wp:attachment":[{"href":"https:\/\/scandinavia.life\/hu\/wp-json\/wp\/v2\/media?parent=50057"}],"wp:term":[{"taxonomy":"category","embeddable":true,"href":"https:\/\/scandinavia.life\/hu\/wp-json\/wp\/v2\/categories?post=50057"},{"taxonomy":"post_tag","embeddable":true,"href":"https:\/\/scandinavia.life\/hu\/wp-json\/wp\/v2\/tags?post=50057"}],"curies":[{"name":"wp","href":"https:\/\/api.w.org\/{rel}","templated":true}]}}