{"id":122337,"date":"2023-01-02T09:22:43","date_gmt":"2023-01-02T09:22:43","guid":{"rendered":"http:\/\/scandinavia.life\/su-naujaisiais-2023-metais-is-visos-skandinavijos\/"},"modified":"2025-07-02T20:30:13","modified_gmt":"2025-07-02T20:30:13","slug":"su-naujaisiais-2023-metais-is-visos-skandinavijos","status":"publish","type":"post","link":"https:\/\/scandinavia.life\/lt\/su-naujaisiais-2023-metais-is-visos-skandinavijos\/","title":{"rendered":"Su Naujaisiais 2023 metais i\u0161 visos Skandinavijos"},"content":{"rendered":"\n<p class=\"wp-block-paragraph\">Nauj\u0173j\u0173 2023 met\u0173 i\u0161vakar\u0117se Skandinavijos miestuose ir rajonuose kilo \u0161urmulys, nes gyventojai rod\u0117 did\u017eiul\u0119 ekstaz\u0119. Kal\u0117din\u0117ms dekoracijoms vis dar nuomojant viet\u0105 pagrindin\u0117se gatv\u0117se, fejerverkai buvo pu\u010diami, kad tik i\u0161reik\u0161t\u0173 dar vien\u0173 nauj\u0173 met\u0173 laim\u0119. \u017dmon\u0117s, nepaisydami stingdan\u010dio \u017eiemos \u0161al\u010dio, gausiai rinkosi \u012f \u0161vent\u0119, m\u0117t\u0117 vyno taures, dalijosi cigaret\u0117mis ir tiesiog try\u0161ko laime. Nauji metai ir nauja prad\u017eia, kurios niekas negal\u0117jo sulaikyti nuo \u0161vent\u0117s.  <\/p>\n\n<figure class=\"wp-block-embed is-type-video is-provider-youtube wp-block-embed-youtube wp-embed-aspect-16-9 wp-has-aspect-ratio\"><div class=\"wp-block-embed__wrapper\">\n<iframe loading=\"lazy\" title=\"Happy New Year Live! \ud83c\udf86 London Fireworks 2023 \ud83d\udd34 BBC\" width=\"960\" height=\"540\" src=\"https:\/\/www.youtube.com\/embed\/2FcDNi1HkfI?feature=oembed\" frameborder=\"0\" allow=\"accelerometer; autoplay; clipboard-write; encrypted-media; gyroscope; picture-in-picture; web-share\" referrerpolicy=\"strict-origin-when-cross-origin\" allowfullscreen><\/iframe>\n<\/div><figcaption class=\"wp-element-caption\"><strong><em>Viskas apie Naujuosius metus visame pasaulyje<\/em><\/strong><\/figcaption><\/figure>\n\n<p class=\"wp-block-paragraph\">Jei Grigaliaus kalendoriuje yra du \u012fvykiai, kurie i\u0161 ties\u0173 \u017eavi ir skatina skandinavus b\u016bti itin aktyviais, tai yra \u0161ie. <em>\n  <strong>Kal\u0117dos<\/strong>\n<\/em> ir Naujieji metai. Skandinavai visuomet jau\u010dia, kaip jie \u012fsilieja \u012f gyvenim\u0105 ir nepaisydami savo da\u017enai nuobod\u017eiai \u0161altos i\u0161vaizdos. Jie \u0161auks,<a href=\"https:\/\/scandinavia.life\/lt\/gerimo-klubu-ir-vakareliu-kultura-danijoje\/\"> gers, linksminsis <\/a>ir beproti\u0161kai dalins dovanas. Per Kal\u0117das tvyro beproti\u0161ka \u0161ventin\u0117 nuotaika, kuri v\u0117liau t\u0119siasi ir per Naujuosius metus.  <\/p>\n\n<h2 class=\"wp-block-heading\"><strong>Kal\u0117d\u0173 eglut\u0117 Skandinavijoje  <\/strong><\/h2>\n\n<p class=\"wp-block-paragraph\">Skandinavijoje stebina tai, kad jie religingai perduoda tradicijas i\u0161 kartos \u012f kart\u0105, beveik be pakitim\u0173. Tradicin\u0117 Kal\u0117d\u0173 eglut\u0117, kuri yra svarbiausias \u0161vent\u0117s simbolis, \u017einoma, \u0161alia <em><strong>Kal\u0117d\u0173 Senelio<\/strong> <\/em>niekada netr\u016bksta namuose \u0161ventiniu laikotarpiu. \u012eprastai Kal\u0117d\u0173 eglut\u0117 yra garbinama ir puo\u0161iama ornamentais, \u017evaki\u0173 laikikliais, kaspinais, auksu, sidabru ir kt. Medis tampa toks esteti\u0161kai ry\u0161kus, kaip ir vis\u0173 aplinkini\u0173 veidai.  <\/p>\n\n<figure class=\"wp-block-image size-large\"><img loading=\"lazy\" decoding=\"async\" width=\"716\" height=\"1024\" src=\"https:\/\/scandinavia.life\/wp-content\/uploads\/2023\/01\/lasse-bergqvist-gQLB1hykPPc-unsplash-716x1024.jpg\" alt=\"\" class=\"wp-image-100905\" srcset=\"https:\/\/scandinavia.life\/wp-content\/uploads\/2023\/01\/lasse-bergqvist-gQLB1hykPPc-unsplash-716x1024.jpg 716w, https:\/\/scandinavia.life\/wp-content\/uploads\/2023\/01\/lasse-bergqvist-gQLB1hykPPc-unsplash-210x300.jpg 210w, https:\/\/scandinavia.life\/wp-content\/uploads\/2023\/01\/lasse-bergqvist-gQLB1hykPPc-unsplash-768x1098.jpg 768w, https:\/\/scandinavia.life\/wp-content\/uploads\/2023\/01\/lasse-bergqvist-gQLB1hykPPc-unsplash-1074x1536.jpg 1074w, https:\/\/scandinavia.life\/wp-content\/uploads\/2023\/01\/lasse-bergqvist-gQLB1hykPPc-unsplash-1432x2048.jpg 1432w, https:\/\/scandinavia.life\/wp-content\/uploads\/2023\/01\/lasse-bergqvist-gQLB1hykPPc-unsplash-scaled.jpg 1790w\" sizes=\"auto, (max-width: 716px) 100vw, 716px\" \/><figcaption class=\"wp-element-caption\"><em><strong>Kal\u0117d\u0173 eglut\u0117 skelbia did\u017ei\u0105sias \u0161ventes Skandinavijoje<\/strong><\/em><\/figcaption><\/figure>\n\n<p class=\"wp-block-paragraph\">Daugiau informacijos apie skandinavi\u0161k\u0105 Kal\u0117d\u0173 eglut\u0119 rasite <a href=\"https:\/\/scandification.com\/how-to-get-the-scandinavian-christmas-tree-look\/\">\u010dia<\/a>.  <\/p>\n\n<p class=\"wp-block-paragraph\">D\u0117l vieno dalyko galime sutarti &#8211; Skandinavijoje Kal\u0117d\u0173 \u0161vent\u0117s niekada neb\u016bna be Kal\u0117d\u0173 eglut\u0117s. Likus kelioms dienoms iki did\u017eiosios dienos \u017emon\u0117s pradeda ruo\u0161ti ir puo\u0161ti eglut\u0119. Jam pagaminti reikia \u017eibint\u0173 ir \u012fvairi\u0173 daikt\u0173. Tiems, kurie gali patys pasiekti med\u012f, galima nusileisti \u012f mi\u0161k\u0105 ir prisirinkti egl\u0117s. Jos nuostabi forma puikiai kompensuoja Kal\u0117d\u0173 eglut\u0119. Ta\u010diau miestuose gyvenantys \u017emon\u0117s visada gali nusipirkti i\u0161 pardav\u0117j\u0173. I\u0161 tikr\u0173j\u0173 dirbtini\u0173 dekoracij\u0173 m\u0117g\u0117jai renkasi dekoratyvines plastikines eglutes.  <\/p>\n\n<p class=\"wp-block-paragraph\">Daug informacijos apie Kal\u0117d\u0173 \u0161ventim\u0105, su juo susijusias tradicijas, maist\u0105 ir po to vykstant\u012f vakar\u0117l\u012f. \u0160iuos ir dar daugiau konkre\u010di\u0173 pavyzd\u017ei\u0173 rasite \u010dia.  <\/p>\n\n<h2 class=\"wp-block-heading\"><strong>Nauj\u0173j\u0173 met\u0173 \u0161ventimo \u0161\u0117lsmas Skandinavijoje<\/strong><\/h2>\n\n<p class=\"wp-block-paragraph\">Nauj\u0173j\u0173 met\u0173 sutikimas visame pasaulyje n\u0117ra lengvas dalykas. Nuo Sidn\u0117jaus iki Havaj\u0173 ir visur kitur \u017emon\u0117s brangina \u0161i\u0105 tik kart\u0105 per metus pasitaikan\u010di\u0105 akimirk\u0105. Daugeliu atvej\u0173 naujieji metai mums visiems yra \u0161varus lapas, kuriame galime ra\u0161yti naujas rezoliucijas, kurti naujus planus ir nubr\u0117\u017eti naujus kelius. Naujaisiais metais priimama daugyb\u0117 sprendim\u0173, kai ap\u017evelgiame k\u0105 tik pasibaigusius metus. Skandinavijoje pad\u0117tis nesiskiria. Ties\u0105 sakant, naujametin\u0117 nuotaika yra tokia pakili.  <\/p>\n\n<figure class=\"wp-block-image size-large\"><img loading=\"lazy\" decoding=\"async\" width=\"683\" height=\"1024\" src=\"https:\/\/scandinavia.life\/wp-content\/uploads\/2023\/01\/zuza-galczynska-c5_eQi4rrjA-unsplash-683x1024.jpg\" alt=\"\" class=\"wp-image-100929\" srcset=\"https:\/\/scandinavia.life\/wp-content\/uploads\/2023\/01\/zuza-galczynska-c5_eQi4rrjA-unsplash-683x1024.jpg 683w, https:\/\/scandinavia.life\/wp-content\/uploads\/2023\/01\/zuza-galczynska-c5_eQi4rrjA-unsplash-200x300.jpg 200w, https:\/\/scandinavia.life\/wp-content\/uploads\/2023\/01\/zuza-galczynska-c5_eQi4rrjA-unsplash-768x1152.jpg 768w, https:\/\/scandinavia.life\/wp-content\/uploads\/2023\/01\/zuza-galczynska-c5_eQi4rrjA-unsplash-1024x1536.jpg 1024w, https:\/\/scandinavia.life\/wp-content\/uploads\/2023\/01\/zuza-galczynska-c5_eQi4rrjA-unsplash-1365x2048.jpg 1365w, https:\/\/scandinavia.life\/wp-content\/uploads\/2023\/01\/zuza-galczynska-c5_eQi4rrjA-unsplash-scaled.jpg 1706w\" sizes=\"auto, (max-width: 683px) 100vw, 683px\" \/><figcaption class=\"wp-element-caption\"><strong><em>Ura, mums nauji metai<\/em><\/strong><\/figcaption><\/figure>\n\n<p class=\"wp-block-paragraph\">Fejerverkai, ultimatumai, \u0161vilpimas, \u0161\u016bksniai, \u0161\u016bksniai, vakar\u0117liai, linksmyb\u0117s &#8211; tai Skandinavijoje rei\u0161kia Naujuosius metus. Daugeliu atvej\u0173 \u017emon\u0117s u\u017edegdavo \u017evakes, o paskutin\u0119 \u017evak\u0119 tikimasi u\u017edegti paskutin\u0119 met\u0173 dien\u0105. Ma\u017e\u0173 ma\u017eiausiai niekada neb\u016bna nuobodu.<\/p>\n\n<p class=\"wp-block-paragraph\">Tie, kurie tikrai nori pasim\u0117gauti Nauj\u0173j\u0173 met\u0173 i\u0161vakar\u0117mis, renkasi \u012f grupes su draugais ir \u0161eima. \u017dmon\u0117s iki v\u0117lyvos nakties vakaroja prie g\u0117rim\u0173 ir maisto. Likus kelioms minut\u0117ms iki Nauj\u0173j\u0173 met\u0173 prad\u017eios skandinavai i\u0161eidavo \u012f lauk\u0105 su fejerverkais ir \u0161venti\u0161kai nu\u0161viesdavo dang\u0173.  <\/p>\n\n<p class=\"wp-block-paragraph\"><a href=\"https:\/\/www.fiftydegreesnorth.com\/eu\/article\/new-years-eve-fireworks-in-the-nordic-capitals\">Nauj\u0173j\u0173 met\u0173 \u0161ventimas<\/a> visoje Skandinavijoje yra beveik toks pat ir net lankytojai gali lengvai prisijungti. Tai visada yra momentas, kai net ir intravertai trumpam atsiveria, kad gal\u0117t\u0173 m\u0117gautis. Jei vien\u0105 i\u0161 \u0161i\u0173 Nauj\u0173j\u0173 met\u0173 i\u0161vakari\u0173 atsidursite Skandinavijoje, b\u016bkite pasiruo\u0161\u0119 patirti nepakartojam\u0173 akimirk\u0173.  <\/p>\n","protected":false},"excerpt":{"rendered":"<p>Nauj\u0173j\u0173 2023 met\u0173 i\u0161vakar\u0117se Skandinavijos miestuose ir rajonuose kilo \u0161urmulys, nes gyventojai rod\u0117 did\u017eiul\u0119 ekstaz\u0119. Kal\u0117din\u0117ms dekoracijoms vis dar nuomojant viet\u0105 pagrindin\u0117se gatv\u0117se, fejerverkai buvo pu\u010diami, kad tik i\u0161reik\u0161t\u0173 dar vien\u0173 nauj\u0173 met\u0173 laim\u0119. \u017dmon\u0117s, nepaisydami stingdan\u010dio \u017eiemos \u0161al\u010dio, gausiai rinkosi \u012f \u0161vent\u0119, m\u0117t\u0117 vyno taures, dalijosi cigaret\u0117mis ir tiesiog try\u0161ko laime. Nauji metai ir<\/p>\n","protected":false},"author":1,"featured_media":100967,"comment_status":"closed","ping_status":"closed","sticky":false,"template":"","format":"standard","meta":{"footnotes":""},"categories":[1543],"tags":[],"class_list":["post-122337","post","type-post","status-publish","format-standard","has-post-thumbnail","hentry","category-gyvenimas"],"_links":{"self":[{"href":"https:\/\/scandinavia.life\/lt\/wp-json\/wp\/v2\/posts\/122337","targetHints":{"allow":["GET"]}}],"collection":[{"href":"https:\/\/scandinavia.life\/lt\/wp-json\/wp\/v2\/posts"}],"about":[{"href":"https:\/\/scandinavia.life\/lt\/wp-json\/wp\/v2\/types\/post"}],"author":[{"embeddable":true,"href":"https:\/\/scandinavia.life\/lt\/wp-json\/wp\/v2\/users\/1"}],"replies":[{"embeddable":true,"href":"https:\/\/scandinavia.life\/lt\/wp-json\/wp\/v2\/comments?post=122337"}],"version-history":[{"count":1,"href":"https:\/\/scandinavia.life\/lt\/wp-json\/wp\/v2\/posts\/122337\/revisions"}],"predecessor-version":[{"id":154677,"href":"https:\/\/scandinavia.life\/lt\/wp-json\/wp\/v2\/posts\/122337\/revisions\/154677"}],"wp:featuredmedia":[{"embeddable":true,"href":"https:\/\/scandinavia.life\/lt\/wp-json\/wp\/v2\/media\/100967"}],"wp:attachment":[{"href":"https:\/\/scandinavia.life\/lt\/wp-json\/wp\/v2\/media?parent=122337"}],"wp:term":[{"taxonomy":"category","embeddable":true,"href":"https:\/\/scandinavia.life\/lt\/wp-json\/wp\/v2\/categories?post=122337"},{"taxonomy":"post_tag","embeddable":true,"href":"https:\/\/scandinavia.life\/lt\/wp-json\/wp\/v2\/tags?post=122337"}],"curies":[{"name":"wp","href":"https:\/\/api.w.org\/{rel}","templated":true}]}}