{"id":68981,"date":"2020-08-03T17:19:00","date_gmt":"2020-08-03T17:19:00","guid":{"rendered":"http:\/\/scandinavia.life\/iskandinavya-hakkinda-eglenceli-gercekler\/"},"modified":"2024-08-03T10:03:37","modified_gmt":"2024-08-03T10:03:37","slug":"iskandinavya-hakkinda-eglenceli-gercekler","status":"publish","type":"post","link":"https:\/\/scandinavia.life\/tr\/iskandinavya-hakkinda-eglenceli-gercekler\/","title":{"rendered":"\u0130skandinavya Hakk\u0131nda E\u011flenceli Ger\u00e7ekler"},"content":{"rendered":"\n<p class=\"wp-block-paragraph\">Bir sonraki s\u0131nav gecenizde ailenizi ve arkada\u015flar\u0131n\u0131z\u0131 \u0130skandinavya hakk\u0131nda e\u011flenceli ger\u00e7eklerle etkilemek ister misiniz? Bu makale size Kuzey Avrupa hakk\u0131nda daha fazla \u015fey \u00f6\u011fretecek, o y\u00fczden rahat olun, belki daha \u00f6nce bilmedi\u011finiz bir iki \u015fey ke\u015ffedersiniz.<\/p>\n\n<h2 class=\"wp-block-heading\"><strong>\u0130skandinavya ger\u00e7ekleri<\/strong><\/h2>\n\n<p class=\"wp-block-paragraph\"><strong>\u0130skandinavya \u00fc\u00e7 \u00fclkeden olu\u015fur. <\/strong>\u0130skandinavya Danimarka, \u0130sve\u00e7 ve Norve\u00e7 olmak \u00fczere \u00fc\u00e7 \u00fclkeden olu\u015fmaktad\u0131r. Baz\u0131 tan\u0131mlar, \u0130skandinav b\u00f6lgesi olarak bilinen daha geni\u015f bir grupta \u0130zlanda, Finlandiya, Faroe Adalar\u0131, Gr\u00f6nland ve Aland&#8217;\u0131 i\u00e7erir.<\/p>\n\n<p class=\"wp-block-paragraph\"><strong>\u0130skandinavlar birbirini anl\u0131yor. <\/strong>Her \u00fc\u00e7 dil de &#8216;Eski \u0130skandinav&#8217;\u0131n \u00e7ocuklar\u0131d\u0131r. Bununla birlikte, leh\u00e7eler ve g\u00fc\u00e7l\u00fc aksanlar meseleleri karma\u015f\u0131kla\u015ft\u0131rabilir . \u00d6yle ki Danimarkal\u0131lar, Norve\u00e7liler ve \u0130sve\u00e7liler aras\u0131nda ileti\u015fimde kullan\u0131lan dil \u0130ngilizce oldu\u011fu i\u00e7in yanl\u0131\u015f anla\u015f\u0131lma olmas\u0131n.<\/p>\n\n<p class=\"wp-block-paragraph\"><strong>Bir zamanlar birli\u011fin par\u00e7as\u0131 olan t\u00fcm \u00fclkeler.<\/strong> K\u0131sa kesintiler olsa da t\u00fcm \u00fclkeler 1397&#8217;den 1523&#8217;e kadar Kalmar Birli\u011fi&#8217;nin alt\u0131ndayd\u0131. Birlik, \u0130sve\u00e7 isyan\u0131ndan ve ard\u0131ndan \u0130sve\u00e7 Kral\u0131 I. Gustav&#8217;\u0131n se\u00e7ilmesinden sonra d\u00fc\u015ft\u00fc. <\/p>\n\n<p class=\"wp-block-paragraph\"><strong>Futbol \u00e7o\u011funlukla bir yaz sporudur. <\/strong>Futbol (futbol), b\u00fcy\u00fck Avrupa liglerinde elde edildi\u011fi gibi de\u011fil, \u00e7o\u011funlukla yaz aylar\u0131nda oynan\u0131r. Danimarka standart yaz sezonunu takip etti\u011finden, bu \u00e7o\u011funlukla \u0130sve\u00e7 ve Norve\u00e7 i\u00e7in zaten.<\/p>\n\n<p class=\"wp-block-paragraph\"><strong>\u0130skandinavya bir terim olarak <sup>18. y\u00fczy\u0131lda<\/sup> ortaya \u00e7\u0131km\u0131\u015ft\u0131r.<\/strong> <a href=\"https:\/\/www.etymonline.com\/word\/scandinavia\">Baz\u0131 tarih\u00e7ilere<\/a> g\u00f6re bu, ortak bir miras hakk\u0131nda fikirlerin ortaya \u00e7\u0131kmaya ba\u015flad\u0131\u011f\u0131 zaman dilimiydi. Ancak, terim daha sonra daha politik olarak kullan\u0131ld\u0131. <\/p>\n\n<p class=\"wp-block-paragraph\"><strong>\u00dc\u00e7 h\u00fck\u00fcmet bir havayolu i\u015fletiyordu. <\/strong>Danimarka, \u0130sve\u00e7 ve Norve\u00e7&#8217;in \u00fc\u00e7 h\u00fck\u00fcmeti 1946&#8217;da ulusal havayolunun transatlantik operasyonlar\u0131nda i\u015fbirli\u011fi yapmak \u00fczere bir konsorsiyum kurdu. Hepsi birle\u015fti ve Scandinavian Airlines be\u015f y\u0131l sonra do\u011fdu. Bug\u00fcn, Norve\u00e7 t\u00fcm hisselerini satt\u0131\u011f\u0131 i\u00e7in art\u0131k i\u015fler eskisi gibi de\u011fil.<\/p>\n\n<p class=\"wp-block-paragraph\"><strong>B\u00f6lge kahve konusunda tak\u0131nt\u0131l\u0131. <\/strong>Be\u015fer \u0130skandinav \u00fclkesinin kahve konusunda b\u00fcy\u00fck oldu\u011fu bir s\u0131r de\u011fil. Asl\u0131nda, d\u00fcnyan\u0131n en b\u00fcy\u00fck alt\u0131 kahve t\u00fcketicisi aras\u0131nda \u00fcst s\u0131ralarda yer al\u0131yorlar. Norve\u00e7, ki\u015fi ba\u015f\u0131na y\u0131ll\u0131k ortalama 9,9 kg t\u00fcketimle en fazla t\u00fcketen \u00fclkedir. Ayr\u0131ca hafif k\u0131zartmalar\u0131 her yerde pop\u00fcler hale geliyor. <\/p>\n\n<p class=\"wp-block-paragraph\"><strong>\u0130skandinav ha\u00e7\u0131 t\u00fcm \u00fclkelerin bayraklar\u0131nda kullan\u0131l\u0131r.<\/strong> Danimarka, Norve\u00e7 , \u0130sve\u00e7, Finlandiya, Faroe Adalar\u0131 ve \u0130zlanda&#8217;n\u0131n hepsinin bayraklar\u0131nda merkez d\u0131\u015f\u0131 \u0130skandinav ha\u00e7\u0131 tasar\u0131m\u0131 var. Bunu yapmayan tek \u00fclke Gr\u00f6nland. Bayraklar renk ve tasar\u0131m bak\u0131m\u0131ndan farkl\u0131l\u0131k g\u00f6sterir, ancak insanlar genellikle Danimarka ve Norve\u00e7 bayraklar\u0131n\u0131 kar\u0131\u015ft\u0131r\u0131r.<\/p>\n\n<p class=\"wp-block-paragraph\"><strong>\u0130sve\u00e7li \u00e7ocuklar Paskalya&#8217;da Cad\u0131lar Bayram\u0131 yapar. <\/strong>\u00c7ocuklar d\u00fcnyan\u0131n di\u011fer yerlerinde oldu\u011fu gibi hayalet gibi giyinmese de. Cad\u0131 gibi giyinmi\u015f at\u0131lm\u0131\u015f giysiler giyerler ve k\u0131rm\u0131z\u0131ya boyanm\u0131\u015f yanaklar bir evden di\u011ferine giderler ve kar\u015f\u0131l\u0131\u011f\u0131nda tatl\u0131lar ve hediyeler alma umuduyla yolculara tablolar sunarlar.<\/p>\n\n<p class=\"wp-block-paragraph\"><strong>B\u00f6lgedeki en i\u015flek havaliman\u0131 Kopenhag&#8217;dad\u0131r<\/strong> . Her y\u0131l 30 milyondan fazla yolcu <a href=\"https:\/\/scandinavia.life\/tr\/danimarkaya-gelen-ilk-deneyimler\/\">Kopenhag Kastrup Havaliman\u0131&#8217;n\u0131<\/a> (CPH) kulland\u0131. ABD ve Asya&#8217;ya uzun mesafeli u\u00e7u\u015flar sunmaktad\u0131r. yak\u0131ndan takip edilmektedir Oslo ve Arlanda (ARN).<\/p>\n\n<p class=\"wp-block-paragraph\"><strong>12. \u0130skandinavya d\u00fcnyan\u0131n en mutlu b\u00f6lgesidir.<\/strong> <a href=\"https:\/\/worldhappiness.report\/\">BM&#8217;nin D\u00fcnya Mutluluk Raporu&#8217;na<\/a> g\u00f6re, \u00fc\u00e7 \u0130skandinav \u00fclkesi, kom\u015fular\u0131yla birlikte d\u00fcnyan\u0131n en mutlu \u00fclkeleri. Yine de baz\u0131lar\u0131 memnun olduklar\u0131n\u0131 s\u00f6ylemeyi tercih ediyor.<\/p>\n\n<p class=\"wp-block-paragraph\"><strong>\u0130sve\u00e7liler geri d\u00f6n\u00fc\u015f\u00fcm\u00fc ciddiye al\u0131yor. <\/strong>\u0130sve\u00e7&#8217;te \u00e7ok fazla evsel at\u0131k \u00e7\u00f6pl\u00fcklerde bitmiyor. \u00dclke, bu ama\u00e7lar i\u00e7in ba\u015flat\u0131lan programlar arac\u0131l\u0131\u011f\u0131yla \u0131s\u0131dan enerjiye \u00fcretimi te\u015fvik etmektedir. Bu ayn\u0131 zamanda \u00fclkenin \u00fcretti\u011fi \u00e7ok fazla at\u0131\u011f\u0131n yak\u0131lmas\u0131na da yol a\u00e7t\u0131, bu y\u00fczden \u015fimdi kom\u015fu Norve\u00e7&#8217;ten at\u0131k ithal ediyor.<\/p>\n","protected":false},"excerpt":{"rendered":"<p>Bir sonraki s\u0131nav gecenizde ailenizi ve arkada\u015flar\u0131n\u0131z\u0131 \u0130skandinavya hakk\u0131nda e\u011flenceli ger\u00e7eklerle etkilemek ister misiniz? Bu makale size Kuzey Avrupa hakk\u0131nda daha fazla \u015fey \u00f6\u011fretecek, o y\u00fczden rahat olun, belki daha \u00f6nce bilmedi\u011finiz bir iki \u015fey ke\u015ffedersiniz. \u0130skandinavya ger\u00e7ekleri \u0130skandinavya \u00fc\u00e7 \u00fclkeden olu\u015fur. \u0130skandinavya Danimarka, \u0130sve\u00e7 ve Norve\u00e7 olmak \u00fczere \u00fc\u00e7 \u00fclkeden olu\u015fmaktad\u0131r. Baz\u0131 tan\u0131mlar, \u0130skandinav<\/p>\n","protected":false},"author":1,"featured_media":63958,"comment_status":"closed","ping_status":"closed","sticky":false,"template":"","format":"standard","meta":{"footnotes":""},"categories":[31430,34084,33972],"tags":[34112,34111,34109],"class_list":["post-68981","post","type-post","status-publish","format-standard","has-post-thumbnail","hentry","category-esin","category-iskandinav","category-yolculuk","tag-bayraklar","tag-eglenceli-gercekler","tag-nordik-ulkeler"],"_links":{"self":[{"href":"https:\/\/scandinavia.life\/tr\/wp-json\/wp\/v2\/posts\/68981","targetHints":{"allow":["GET"]}}],"collection":[{"href":"https:\/\/scandinavia.life\/tr\/wp-json\/wp\/v2\/posts"}],"about":[{"href":"https:\/\/scandinavia.life\/tr\/wp-json\/wp\/v2\/types\/post"}],"author":[{"embeddable":true,"href":"https:\/\/scandinavia.life\/tr\/wp-json\/wp\/v2\/users\/1"}],"replies":[{"embeddable":true,"href":"https:\/\/scandinavia.life\/tr\/wp-json\/wp\/v2\/comments?post=68981"}],"version-history":[{"count":2,"href":"https:\/\/scandinavia.life\/tr\/wp-json\/wp\/v2\/posts\/68981\/revisions"}],"predecessor-version":[{"id":148902,"href":"https:\/\/scandinavia.life\/tr\/wp-json\/wp\/v2\/posts\/68981\/revisions\/148902"}],"wp:featuredmedia":[{"embeddable":true,"href":"https:\/\/scandinavia.life\/tr\/wp-json\/wp\/v2\/media\/63958"}],"wp:attachment":[{"href":"https:\/\/scandinavia.life\/tr\/wp-json\/wp\/v2\/media?parent=68981"}],"wp:term":[{"taxonomy":"category","embeddable":true,"href":"https:\/\/scandinavia.life\/tr\/wp-json\/wp\/v2\/categories?post=68981"},{"taxonomy":"post_tag","embeddable":true,"href":"https:\/\/scandinavia.life\/tr\/wp-json\/wp\/v2\/tags?post=68981"}],"curies":[{"name":"wp","href":"https:\/\/api.w.org\/{rel}","templated":true}]}}